{"id":30485,"date":"2015-10-30T10:01:15","date_gmt":"2015-10-30T09:01:15","guid":{"rendered":"http:\/\/2horizontes.com\/?p=30485"},"modified":"2015-10-30T10:01:15","modified_gmt":"2015-10-30T09:01:15","slug":"mision-empresarial-panamena-ofertara-productos-en-feria-internacional-en-cuba","status":"publish","type":"post","link":"https:\/\/2horizontes.com\/?p=30485","title":{"rendered":"Misi\u00f3n empresarial paname\u00f1a ofertar\u00e1 productos en Feria Internacional en Cuba"},"content":{"rendered":"<p>PANAMA.- (Xinhua) &#8212; Empresas de sectores como la producci\u00f3n av\u00edcula, la energ\u00eda y la producci\u00f3n de licores de Panam\u00e1 participar\u00e1n en la Feria Internacional de la Habana FIHAV 2015, previsa para celebrarse los 2 y 7 de noviembre en Cuba, inform\u00f3 hoy una fuente oficial.<\/p>\n<p>El ministro de Comercio e Industrias de Panam\u00e1, Melit\u00f3n Arrocha, explic\u00f3 que el certamen en que se tendr\u00e1 presencia es una de las exposiciones m\u00e1s importantes del sector de alimentos y bebidas del Caribe, la cual se realiza anualmente desde 1983.<\/p>\n<p>\u00abNuestro objetivo es promover la oferta exportable de bienes, en especial de alimentos procesados, y a su vez dar a conocer la calidad de los productos paname\u00f1os, establecer nuevos contactos comerciales que proporcionen a Panam\u00e1 nuevas oportunidades de negocios, al igual que posicionar al pa\u00eds y su oferta en los mercados del Caribe\u00bb, subray\u00f3 Arrocha.<\/p>\n<p>Arrocha resalt\u00f3 que con la ampliaci\u00f3n del acuerdo de alcance parcial entre Panam\u00e1 y Cuba, las empresas paname\u00f1as tienen una ventaja adicional para el acceso preferencial a dicho mercado, ampliando \u00abnuestras oportunidades de exportaci\u00f3n y venta de productos a dicho pa\u00eds\u00bb.<\/p>\n<p>Coment\u00f3 que en su XXXIII edici\u00f3n, la FIHAV contar\u00e1 con m\u00e1s de 20.000 metros cuadrados en \u00e1rea neta de exhibici\u00f3n y con la presencia de alrededor de 4.500 expositores de m\u00e1s de 60 pa\u00edses.<\/p>\n","protected":false},"excerpt":{"rendered":"<p>PANAMA.- (Xinhua) &#8212; Empresas de sectores como la producci\u00f3n av\u00edcula, la energ\u00eda y la producci\u00f3n de licores de Panam\u00e1 participar\u00e1n en la Feria Internacional de la Habana FIHAV 2015, previsa para celebrarse los 2 y 7 de noviembre en Cuba, inform\u00f3 hoy una fuente oficial. El ministro de Comercio e Industrias de Panam\u00e1, Melit\u00f3n Arrocha, [&hellip;]<\/p>\n","protected":false},"author":7,"featured_media":30486,"comment_status":"open","ping_status":"open","sticky":false,"template":"","format":"standard","meta":{"footnotes":""},"categories":[49,63,40],"tags":[],"class_list":["post-30485","post","type-post","status-publish","format-standard","has-post-thumbnail","hentry","category-cuba","category-economia","category-internacionales"],"_links":{"self":[{"href":"https:\/\/2horizontes.com\/index.php?rest_route=\/wp\/v2\/posts\/30485","targetHints":{"allow":["GET"]}}],"collection":[{"href":"https:\/\/2horizontes.com\/index.php?rest_route=\/wp\/v2\/posts"}],"about":[{"href":"https:\/\/2horizontes.com\/index.php?rest_route=\/wp\/v2\/types\/post"}],"author":[{"embeddable":true,"href":"https:\/\/2horizontes.com\/index.php?rest_route=\/wp\/v2\/users\/7"}],"replies":[{"embeddable":true,"href":"https:\/\/2horizontes.com\/index.php?rest_route=%2Fwp%2Fv2%2Fcomments&post=30485"}],"version-history":[{"count":1,"href":"https:\/\/2horizontes.com\/index.php?rest_route=\/wp\/v2\/posts\/30485\/revisions"}],"predecessor-version":[{"id":30487,"href":"https:\/\/2horizontes.com\/index.php?rest_route=\/wp\/v2\/posts\/30485\/revisions\/30487"}],"wp:featuredmedia":[{"embeddable":true,"href":"https:\/\/2horizontes.com\/index.php?rest_route=\/wp\/v2\/media\/30486"}],"wp:attachment":[{"href":"https:\/\/2horizontes.com\/index.php?rest_route=%2Fwp%2Fv2%2Fmedia&parent=30485"}],"wp:term":[{"taxonomy":"category","embeddable":true,"href":"https:\/\/2horizontes.com\/index.php?rest_route=%2Fwp%2Fv2%2Fcategories&post=30485"},{"taxonomy":"post_tag","embeddable":true,"href":"https:\/\/2horizontes.com\/index.php?rest_route=%2Fwp%2Fv2%2Ftags&post=30485"}],"curies":[{"name":"wp","href":"https:\/\/api.w.org\/{rel}","templated":true}]}}