{"id":30464,"date":"2015-10-30T09:30:13","date_gmt":"2015-10-30T08:30:13","guid":{"rendered":"http:\/\/2horizontes.com\/?p=30464"},"modified":"2015-10-30T09:30:13","modified_gmt":"2015-10-30T08:30:13","slug":"lula-da-silva-es-imposible-gobernar-brasil","status":"publish","type":"post","link":"https:\/\/2horizontes.com\/?p=30464","title":{"rendered":"Lula da Silva: \u201ces imposible gobernar Brasil\u201d"},"content":{"rendered":"<p>EFE \/ Brasilia<\/p>\n<p>&nbsp;<\/p>\n<p>El expresidente brasile\u00f1o Luiz In\u00e1cio Lula da Silva inst\u00f3 ayer\u00a0 al pa\u00eds a recuperar la confianza en la mandataria Dilma Rousseff y respaldar el duro ajuste fiscal que ha propuesto, pues \u00abes humanamente imposible gobernar Brasil con esta crisis econ\u00f3mica y financiera\u201d.<\/p>\n<p>&nbsp;<\/p>\n<p>Lula intervino ayer\u00a0 en la apertura de una reuni\u00f3n de la direcci\u00f3n nacional del gobernante Partido de los Trabajadores (PT) y demand\u00f3 a esa formaci\u00f3n un \u00abesfuerzo\u201d en las c\u00e1maras legislativas para lograr la aprobaci\u00f3n de las medidas de ajuste propuestas por Dilma Rousseff.<\/p>\n<p>El exmandatario, antecesor y mentor pol\u00edtico de Rousseff, admiti\u00f3 que Brasil est\u00e1 sumido en una grave crisis econ\u00f3mica y pol\u00edtica y afirm\u00f3 que la aprobaci\u00f3n de las medidas \u00abnecesarias\u201d para reanudar el crecimiento econ\u00f3mico representa la \u00absalida a esta situaci\u00f3n\u201d, que hace \u00abhumanamente imposible gobernar\u201d.<\/p>\n<p>Lula reiter\u00f3, adem\u00e1s, su condena a los intentos de la oposici\u00f3n por iniciar un juicio pol\u00edtico contra Rousseff por unas maniobras que el gobierno realiz\u00f3 para maquillar los resultados de 2014 y que a\u00fan se mantienen.<\/p>\n<p>Seg\u00fan la oposici\u00f3n, eso supone un \u00abdelito de responsabilidad\u201d, que la Constituci\u00f3n contempla entre las posibles razones que pueden llevar a la destituci\u00f3n de un mandatario.<\/p>\n<p>Lula, sin embargo, rechaz\u00f3 esa opini\u00f3n y asegur\u00f3 que el PT debe \u00abimpedir\u201d que \u00abse siga hablando de una destituci\u00f3n\u201d de Rousseff \u00abcuando no hay ninguna base legal para eso\u201d. El exmandatario reconoci\u00f3 que el gobierno y su partido \u00abno pasan por el mejor momento\u201d, lo que se refleja en\u00a0 las encuestas.<\/p>\n","protected":false},"excerpt":{"rendered":"<p>EFE \/ Brasilia &nbsp; El expresidente brasile\u00f1o Luiz In\u00e1cio Lula da Silva inst\u00f3 ayer\u00a0 al pa\u00eds a recuperar la confianza en la mandataria Dilma Rousseff y respaldar el duro ajuste fiscal que ha propuesto, pues \u00abes humanamente imposible gobernar Brasil con esta crisis econ\u00f3mica y financiera\u201d. &nbsp; Lula intervino ayer\u00a0 en la apertura de una [&hellip;]<\/p>\n","protected":false},"author":7,"featured_media":30465,"comment_status":"open","ping_status":"open","sticky":false,"template":"","format":"standard","meta":{"footnotes":""},"categories":[40,43],"tags":[],"class_list":["post-30464","post","type-post","status-publish","format-standard","has-post-thumbnail","hentry","category-internacionales","category-politica"],"_links":{"self":[{"href":"https:\/\/2horizontes.com\/index.php?rest_route=\/wp\/v2\/posts\/30464","targetHints":{"allow":["GET"]}}],"collection":[{"href":"https:\/\/2horizontes.com\/index.php?rest_route=\/wp\/v2\/posts"}],"about":[{"href":"https:\/\/2horizontes.com\/index.php?rest_route=\/wp\/v2\/types\/post"}],"author":[{"embeddable":true,"href":"https:\/\/2horizontes.com\/index.php?rest_route=\/wp\/v2\/users\/7"}],"replies":[{"embeddable":true,"href":"https:\/\/2horizontes.com\/index.php?rest_route=%2Fwp%2Fv2%2Fcomments&post=30464"}],"version-history":[{"count":1,"href":"https:\/\/2horizontes.com\/index.php?rest_route=\/wp\/v2\/posts\/30464\/revisions"}],"predecessor-version":[{"id":30466,"href":"https:\/\/2horizontes.com\/index.php?rest_route=\/wp\/v2\/posts\/30464\/revisions\/30466"}],"wp:featuredmedia":[{"embeddable":true,"href":"https:\/\/2horizontes.com\/index.php?rest_route=\/wp\/v2\/media\/30465"}],"wp:attachment":[{"href":"https:\/\/2horizontes.com\/index.php?rest_route=%2Fwp%2Fv2%2Fmedia&parent=30464"}],"wp:term":[{"taxonomy":"category","embeddable":true,"href":"https:\/\/2horizontes.com\/index.php?rest_route=%2Fwp%2Fv2%2Fcategories&post=30464"},{"taxonomy":"post_tag","embeddable":true,"href":"https:\/\/2horizontes.com\/index.php?rest_route=%2Fwp%2Fv2%2Ftags&post=30464"}],"curies":[{"name":"wp","href":"https:\/\/api.w.org\/{rel}","templated":true}]}}