{"id":30458,"date":"2015-10-30T09:18:45","date_gmt":"2015-10-30T08:18:45","guid":{"rendered":"http:\/\/2horizontes.com\/?p=30458"},"modified":"2015-10-30T09:18:45","modified_gmt":"2015-10-30T08:18:45","slug":"el-papa-perdona-a-supuestos-pederastas-y-genera-polemica","status":"publish","type":"post","link":"https:\/\/2horizontes.com\/?p=30458","title":{"rendered":"El Papa perdona a supuestos pederastas y genera pol\u00e9mica"},"content":{"rendered":"<p>AFP \/Ciudad del Vaticano<\/p>\n<p>El perd\u00f3n del papa Francisco a la congregaci\u00f3n mexicana Legionarios de Cristo genera interrogantes, aunque, seg\u00fan observadores, podr\u00eda enmarcarse en su pol\u00edtica de misericordia con una organizaci\u00f3n que se reform\u00f3 tras los abusos sexuales de su fundador, el fallecido Marcial Maciel.<\/p>\n<p>\u00abForma parte de las actividades del jubileo\u201d, se limit\u00f3 a declarar ayer\u00a0 a la AFP el portavoz del Vaticano, padre Federico Lombardi. \u00abNo tengo m\u00e1s comentarios sobre el tema. La indulgencia plenaria es un beneficio espiritual que se concede con ocasi\u00f3n del a\u00f1o del jubileo. Puede ser concedido a varias congregaciones\u201d, agreg\u00f3 Lombardi.<br \/>\nEn un comunicado oficial, la congregaci\u00f3n ultraconservadora, empe\u00f1ada en limpiar su pasado marcado por la pedofilia de su fundador, el mexicano Marcial Maciel, inform\u00f3 el mi\u00e9rcoles de la decisi\u00f3n del Papa de conceder el perd\u00f3n de la Iglesia Cat\u00f3lica.<br \/>\nIndulgencia plenaria<br \/>\nLa indulgencia plenaria fue comunicada oficialmente a trav\u00e9s de una nota de la Penitenciar\u00eda Apost\u00f3lica de la Santa Sede, con fecha 27 de julio del 2015.<br \/>\nSeg\u00fan el documento de la Penitenciar\u00eda Apost\u00f3lica, los legionarios y los miembros del Regnum Christi, su brazo seglar, podr\u00e1n alcanzar la indulgencia plenaria \u00absi renuevan por devoci\u00f3n sus compromisos que los vinculan al Movimiento o a la Legi\u00f3n, y rezan por la fidelidad de su patria a su vocaci\u00f3n cristiana, por las vocaciones al sacerdocio y a la vida consagrada, y por la defensa\u00a0 integral\u00a0 de la familia\u201d.<br \/>\nSe les concede la indulgencia plenaria \u00abcuando se dedican por un tiempo conveniente a la pr\u00e1ctica de las obras de misericordia\u201d, as\u00ed como \u00aba ense\u00f1ar o aprender la doctrina cristiana o participan en misiones de evangelizaci\u00f3n\u201d, reza el texto.<br \/>\nLa solicitud de indulgencia fue presentada por el director general de la congregaci\u00f3n, el mexicano Eduardo Robles-Gil, para \u00abcelebrar dignamente\u201d el 75 aniversario de su fundaci\u00f3n.<\/p>\n<p>La congregaci\u00f3n ultraconservadora, fundada en 1941, logr\u00f3 por d\u00e9cadas ocultar las denuncias contra Maciel y cont\u00f3 con la protecci\u00f3n de altos jerarcas del Vaticano durante el pontificado de Juan Pablo II (1978-2005), quien consideraba a los legionarios un ejemplo de virtud cat\u00f3lica. Con una petici\u00f3n colectiva de \u00abperd\u00f3n\u201d por \u00ablos comportamientos graves y objetivamente inmorales\u201d cometidos por el fallecido Maciel, pronunciada a trav\u00e9s de un comunicado divulgado en febrero del a\u00f1o pasado, en Roma, tras una serie de reuniones extraordinarias el movimiento, presente en casi toda Am\u00e9rica Latina, prometi\u00f3 \u00abiniciar una nueva etapa\u201d despu\u00e9s de estar al borde de la disoluci\u00f3n por haber protagonizado uno de los mayores esc\u00e1ndalos de la Iglesia. Otros observadores consideran que el perd\u00f3n del Papa a uno de los sectores m\u00e1s conservadores e influyentes de la Iglesia resulta una propuesta de tregua de cara al futuro.<\/p>\n<p>Desde el Vaticano<\/p>\n<p>V\u00edctima Una v\u00edctima de pedofilia critic\u00f3 ayer el perd\u00f3n del Vaticano a los Legionarios de Cristo, asegurando que la pol\u00e9mica congregaci\u00f3n mexicana obtuvo esta indulgencia como una estrategia oportunista previa a la visita del papa Francisco a M\u00e9xico.<br \/>\nFestejo En el patio de la mayor c\u00e1rcel para mujeres de Italia, Rebibbia, al norte de Roma, 30\u00a0 detenidas organizaron ayer\u00a0 un inusual flashmob en honor del papa Francisco, por el apoyo moral que les ofrece,\u00a0 al ritmo de El Papa es pop, compuesta por Igor Nogaterro.<\/p>\n","protected":false},"excerpt":{"rendered":"<p>AFP \/Ciudad del Vaticano El perd\u00f3n del papa Francisco a la congregaci\u00f3n mexicana Legionarios de Cristo genera interrogantes, aunque, seg\u00fan observadores, podr\u00eda enmarcarse en su pol\u00edtica de misericordia con una organizaci\u00f3n que se reform\u00f3 tras los abusos sexuales de su fundador, el fallecido Marcial Maciel. \u00abForma parte de las actividades del jubileo\u201d, se limit\u00f3 a [&hellip;]<\/p>\n","protected":false},"author":7,"featured_media":30459,"comment_status":"open","ping_status":"open","sticky":false,"template":"","format":"standard","meta":{"footnotes":""},"categories":[40],"tags":[],"class_list":["post-30458","post","type-post","status-publish","format-standard","has-post-thumbnail","hentry","category-internacionales"],"_links":{"self":[{"href":"https:\/\/2horizontes.com\/index.php?rest_route=\/wp\/v2\/posts\/30458","targetHints":{"allow":["GET"]}}],"collection":[{"href":"https:\/\/2horizontes.com\/index.php?rest_route=\/wp\/v2\/posts"}],"about":[{"href":"https:\/\/2horizontes.com\/index.php?rest_route=\/wp\/v2\/types\/post"}],"author":[{"embeddable":true,"href":"https:\/\/2horizontes.com\/index.php?rest_route=\/wp\/v2\/users\/7"}],"replies":[{"embeddable":true,"href":"https:\/\/2horizontes.com\/index.php?rest_route=%2Fwp%2Fv2%2Fcomments&post=30458"}],"version-history":[{"count":1,"href":"https:\/\/2horizontes.com\/index.php?rest_route=\/wp\/v2\/posts\/30458\/revisions"}],"predecessor-version":[{"id":30460,"href":"https:\/\/2horizontes.com\/index.php?rest_route=\/wp\/v2\/posts\/30458\/revisions\/30460"}],"wp:featuredmedia":[{"embeddable":true,"href":"https:\/\/2horizontes.com\/index.php?rest_route=\/wp\/v2\/media\/30459"}],"wp:attachment":[{"href":"https:\/\/2horizontes.com\/index.php?rest_route=%2Fwp%2Fv2%2Fmedia&parent=30458"}],"wp:term":[{"taxonomy":"category","embeddable":true,"href":"https:\/\/2horizontes.com\/index.php?rest_route=%2Fwp%2Fv2%2Fcategories&post=30458"},{"taxonomy":"post_tag","embeddable":true,"href":"https:\/\/2horizontes.com\/index.php?rest_route=%2Fwp%2Fv2%2Ftags&post=30458"}],"curies":[{"name":"wp","href":"https:\/\/api.w.org\/{rel}","templated":true}]}}