{"id":30447,"date":"2015-10-30T03:43:20","date_gmt":"2015-10-30T02:43:20","guid":{"rendered":"http:\/\/2horizontes.com\/?p=30447"},"modified":"2015-10-30T03:43:20","modified_gmt":"2015-10-30T02:43:20","slug":"hector-acosta-sera-recoge-bates-de-las-aguilas-por-un-dia-rd","status":"publish","type":"post","link":"https:\/\/2horizontes.com\/?p=30447","title":{"rendered":"H\u00e9ctor Acosta ser\u00e1 \u201crecoge bates\u201d de las \u00c1guilas por un d\u00eda RD"},"content":{"rendered":"<p>RD- SANTO DOMINGO-El destacado merenguero H\u00e9ctor Acosta \u00bb El Torito\u00bb dio este jueves a conocer que realizara un mitin-reuni\u00f3n el pr\u00f3ximo lunes con los principales jugadores activos y ex-jugadores de las \u00c1guilas Cibae\u00f1as con el objetivo de levantarle el \u00e1nimo al equipo con sede en la ciudad de Santiago.<\/p>\n<p>Acosta, un fiel fan\u00e1tico de las \u00c1guilas Cibae\u00f1as, inform\u00f3, \u00a0adem\u00e1s, que ese d\u00eda, que ser\u00e1 el dos de noviembre,\u00a0 estar\u00e1 fungiendo como \u201crecoge bates\u201d del equipo.<\/p>\n<p>La informaci\u00f3n la ofreci\u00f3 Acosta al comunicador de Bonao Yunior Fern\u00e1ndez.<\/p>\n<p>Ese d\u00eda Las \u00c1guilas Cibae\u00f1as estar\u00e1n recibiendo a Los Toros del Este, \u00a0donde adem\u00e1s se espera que en ese partido debute Wil\u00edn Rosario, quien es compueblano de El Torito, quien hace poco colg\u00f3 un <a href=\"http:\/\/www.elcaribe.com.do\/2015\/10\/26\/hector-acosta-dice-aguilas-cibaenas-perdieron-quimica-mistica\" target=\"_blank\"><strong>video en you tube deplorando<\/strong><\/a> el desempe\u00f1o del equipo y plante\u00f3 que el mismo hab\u00eda perdido la qu\u00edmica y la m\u00edstica.<\/p>\n<p>Las \u00c1guilas cibae\u00f1as est\u00e1n en el \u00faltimo lugar del torneo de b\u00e9isbol invernal 2015-2016 con dos juegos ganados y <a href=\"http:\/\/www.elcaribe.com.do\/2015\/10\/29\/superan-son-lideres-leones-extienden-racha-ante\" target=\"_blank\"><strong>ocho perdidos<\/strong><\/a>.<\/p>\n<p>&nbsp;<\/p>\n","protected":false},"excerpt":{"rendered":"<p>RD- SANTO DOMINGO-El destacado merenguero H\u00e9ctor Acosta \u00bb El Torito\u00bb dio este jueves a conocer que realizara un mitin-reuni\u00f3n el pr\u00f3ximo lunes con los principales jugadores activos y ex-jugadores de las \u00c1guilas Cibae\u00f1as con el objetivo de levantarle el \u00e1nimo al equipo con sede en la ciudad de Santiago. Acosta, un fiel fan\u00e1tico de las [&hellip;]<\/p>\n","protected":false},"author":8,"featured_media":30448,"comment_status":"open","ping_status":"open","sticky":false,"template":"","format":"standard","meta":{"footnotes":""},"categories":[42,1,53,44],"tags":[],"class_list":["post-30447","post","type-post","status-publish","format-standard","has-post-thumbnail","hentry","category-deportes","category-entretenimiento","category-provincias","category-republica-dominicana"],"_links":{"self":[{"href":"https:\/\/2horizontes.com\/index.php?rest_route=\/wp\/v2\/posts\/30447","targetHints":{"allow":["GET"]}}],"collection":[{"href":"https:\/\/2horizontes.com\/index.php?rest_route=\/wp\/v2\/posts"}],"about":[{"href":"https:\/\/2horizontes.com\/index.php?rest_route=\/wp\/v2\/types\/post"}],"author":[{"embeddable":true,"href":"https:\/\/2horizontes.com\/index.php?rest_route=\/wp\/v2\/users\/8"}],"replies":[{"embeddable":true,"href":"https:\/\/2horizontes.com\/index.php?rest_route=%2Fwp%2Fv2%2Fcomments&post=30447"}],"version-history":[{"count":1,"href":"https:\/\/2horizontes.com\/index.php?rest_route=\/wp\/v2\/posts\/30447\/revisions"}],"predecessor-version":[{"id":30449,"href":"https:\/\/2horizontes.com\/index.php?rest_route=\/wp\/v2\/posts\/30447\/revisions\/30449"}],"wp:featuredmedia":[{"embeddable":true,"href":"https:\/\/2horizontes.com\/index.php?rest_route=\/wp\/v2\/media\/30448"}],"wp:attachment":[{"href":"https:\/\/2horizontes.com\/index.php?rest_route=%2Fwp%2Fv2%2Fmedia&parent=30447"}],"wp:term":[{"taxonomy":"category","embeddable":true,"href":"https:\/\/2horizontes.com\/index.php?rest_route=%2Fwp%2Fv2%2Fcategories&post=30447"},{"taxonomy":"post_tag","embeddable":true,"href":"https:\/\/2horizontes.com\/index.php?rest_route=%2Fwp%2Fv2%2Ftags&post=30447"}],"curies":[{"name":"wp","href":"https:\/\/api.w.org\/{rel}","templated":true}]}}