{"id":3035,"date":"2015-01-08T16:56:11","date_gmt":"2015-01-08T16:56:11","guid":{"rendered":"http:\/\/2horizontes.com\/?p=3035"},"modified":"2015-01-08T16:56:11","modified_gmt":"2015-01-08T16:56:11","slug":"el-presidente-dm-se-une-al-dolor-del-factal-atentado-en-francia-que-dejo-12-muertos","status":"publish","type":"post","link":"https:\/\/2horizontes.com\/?p=3035","title":{"rendered":"El presidente DM se une al dolor del  factal atentado en  Francia que dej\u00f3 12 muertos"},"content":{"rendered":"<p><a href=\"http:\/\/2horizontes.com\/wp-content\/uploads\/2014\/09\/danilo1.jpg\"><img loading=\"lazy\" decoding=\"async\" src=\"http:\/\/2horizontes.com\/wp-content\/uploads\/2014\/09\/danilo1-300x200.jpg\" alt=\"danilo\" width=\"300\" height=\"200\" class=\"alignleft size-medium wp-image-2182\" srcset=\"https:\/\/2horizontes.com\/wp-content\/uploads\/2014\/09\/danilo1-300x200.jpg 300w, https:\/\/2horizontes.com\/wp-content\/uploads\/2014\/09\/danilo1.jpg 348w\" sizes=\"auto, (max-width: 300px) 100vw, 300px\" \/><\/a><\/p>\n<p>SANTO DOMINGO.- El presidente Danilo Medina expres\u00f3 sus condolencias a Francia por el atentado contra la revista Charlie Hebdo, de Paris, en el que murieron 12 personas.<\/p>\n<p>Dijo que el Gobierno de la Rep\u00fablica Dominicana acompa\u00f1a al presidente Francois Hollande y al pueblo franc\u00e9s \u201cen estos dif\u00edciles momentos\u201d.<\/p>\n<p>\u201cCondenamos con firmeza este doble acto de violencia en el que se han atacado no solo a personas, sino a la libertad de prensa\u201d, escibi\u00f3 Medina en su cuenta de Twitter @DaniloMedina.<\/p>\n<p>El atentado supuestamente fue cometido por los ciudadanos franceses de origen argelino y residentes en Par\u00eds, Said y Cherif Kouachi, cuyas fotos fueron difundidas por la polic\u00eda francesa.<\/p>\n<p>Seg\u00fan medios franceses, los sospechosos fueron vistos este jueves en una estaci\u00f3n de servicio del norte de la capital francesa, donde robaron comida y gasolina, y dispararon al aire al chocar contra el borde de la carretera en Villers-Cotterets, en el departamento de Aisne, en el norte de Francia.<\/p>\n","protected":false},"excerpt":{"rendered":"<p>SANTO DOMINGO.- El presidente Danilo Medina expres\u00f3 sus condolencias a Francia por el atentado contra la revista Charlie Hebdo, de Paris, en el que murieron 12 personas. Dijo que el Gobierno de la Rep\u00fablica Dominicana acompa\u00f1a al presidente Francois Hollande y al pueblo franc\u00e9s \u201cen estos dif\u00edciles momentos\u201d. \u201cCondenamos con firmeza este doble acto de [&hellip;]<\/p>\n","protected":false},"author":1,"featured_media":0,"comment_status":"open","ping_status":"open","sticky":false,"template":"","format":"standard","meta":{"footnotes":""},"categories":[1],"tags":[],"class_list":["post-3035","post","type-post","status-publish","format-standard","hentry","category-entretenimiento"],"_links":{"self":[{"href":"https:\/\/2horizontes.com\/index.php?rest_route=\/wp\/v2\/posts\/3035","targetHints":{"allow":["GET"]}}],"collection":[{"href":"https:\/\/2horizontes.com\/index.php?rest_route=\/wp\/v2\/posts"}],"about":[{"href":"https:\/\/2horizontes.com\/index.php?rest_route=\/wp\/v2\/types\/post"}],"author":[{"embeddable":true,"href":"https:\/\/2horizontes.com\/index.php?rest_route=\/wp\/v2\/users\/1"}],"replies":[{"embeddable":true,"href":"https:\/\/2horizontes.com\/index.php?rest_route=%2Fwp%2Fv2%2Fcomments&post=3035"}],"version-history":[{"count":1,"href":"https:\/\/2horizontes.com\/index.php?rest_route=\/wp\/v2\/posts\/3035\/revisions"}],"predecessor-version":[{"id":3036,"href":"https:\/\/2horizontes.com\/index.php?rest_route=\/wp\/v2\/posts\/3035\/revisions\/3036"}],"wp:attachment":[{"href":"https:\/\/2horizontes.com\/index.php?rest_route=%2Fwp%2Fv2%2Fmedia&parent=3035"}],"wp:term":[{"taxonomy":"category","embeddable":true,"href":"https:\/\/2horizontes.com\/index.php?rest_route=%2Fwp%2Fv2%2Fcategories&post=3035"},{"taxonomy":"post_tag","embeddable":true,"href":"https:\/\/2horizontes.com\/index.php?rest_route=%2Fwp%2Fv2%2Ftags&post=3035"}],"curies":[{"name":"wp","href":"https:\/\/api.w.org\/{rel}","templated":true}]}}