{"id":30298,"date":"2015-10-28T21:13:15","date_gmt":"2015-10-28T20:13:15","guid":{"rendered":"http:\/\/2horizontes.com\/?p=30298"},"modified":"2015-10-28T21:13:15","modified_gmt":"2015-10-28T20:13:15","slug":"alboran-trabajara-en-disco-infantil-para-ayudar-a-ninos-con-cancer","status":"publish","type":"post","link":"https:\/\/2horizontes.com\/?p=30298","title":{"rendered":"Albor\u00e1n trabajar\u00e1 en disco infantil para ayudar a ni\u00f1os con c\u00e1ncer"},"content":{"rendered":"<p>El cantautor espa\u00f1ol Pablo Albor\u00e1n dijo que en breve trabajar\u00e1 en la producci\u00f3n de un disco de m\u00fasica infantil con el fin de ayudar econ\u00f3micamente a la Fundaci\u00f3n Luis Olivares de su pa\u00eds, dedicada a tratar a ni\u00f1os con c\u00e1ncer.<\/p>\n<p>Es uno de mis sue\u00f1os\u201d, admiti\u00f3 el artista de 26 a\u00f1os en entrevista con medios puertorrique\u00f1os desde la ciudad de Dallas, Texas (EEUU), donde ma\u00f1ana se presentar\u00e1 en el Dee and Charles Wyly Theatre como parte de su gira \u201cTerral 2015\u2033.<\/p>\n<p>El m\u00fasico natural de M\u00e1laga dijo que ya ha participado en varios eventos de la Fundaci\u00f3n Luis Olivares, entre ellos uno de disfraces relacionados con la pel\u00edcula \u201cStar Wars\u201d y de superh\u00e9roes.<\/p>\n<p>Es una gran emoci\u00f3n que la m\u00fasica sea un conducto de calma y tranquilidad\u201d, agreg\u00f3 Albor\u00e1n, quien arranc\u00f3 su gira \u201cTerral\u201d en noviembre pasado y ha incluido presentaciones en Colombia, M\u00e9xico y Espa\u00f1a, entre otros pa\u00edses.<\/p>\n<p>Igualmente continuar\u00e1 su gira por las ciudades estadounidenses de Nueva York, Miami, Washington DC y Los \u00c1ngeles, adem\u00e1s del pr\u00f3ximo 7 de noviembre presentarse en el Centro de Bellas Artes Luis A. Ferr\u00e9 de San Juan dentro de una gira que culminar\u00e1 el pr\u00f3ximo 22 de noviembre.<\/p>\n<p>Albor\u00e1n, as\u00ed como las mexicanas Natalia Lafourcade y Julieta Venegas y el argentino Diego Torres, actuar\u00e1n en los conciertos Latin Grammy Acoustic Sessions 2015.<\/p>\n<p>A estos artistas se sumar\u00e1n los puertorrique\u00f1os V\u00edctor Manuelle y Sie7e y la cantante de pop mexicana Sof\u00eda Reyes, en una serie de conciertos privados que tendr\u00e1 lugar en las ciudades estadounidenses de Los \u00c1ngeles, Nueva York, Dallas y Miami.<\/p>\n<p>Albor\u00e1n, quien cuenta con tres producciones (\u201cPablo Albor\u00e1n\u201d, \u201cTanto\u201d y \u201cTerral\u201d), se\u00f1al\u00f3 que lo que m\u00e1s extra\u00f1a cuando se ausenta de su tierra natal es estar alejado de su familia.<\/p>\n<p>De este \u00faltimo disco recibi\u00f3 tres nominaciones a los Grammy Latinos: Canci\u00f3n del a\u00f1o por \u201cPor fin\u201d, Mejor v\u00eddeo musical versi\u00f3n larga por \u201cTerral\u201d y Mejor \u00e1lbum contempor\u00e1neo pop por \u201cTerral\u201d.<\/p>\n<p>El artista espa\u00f1ol, quien participar\u00e1 el a\u00f1o pr\u00f3ximo en el Festival de Vi\u00f1a del Mar en Chile, adelant\u00f3 que en su nueva producci\u00f3n incluir\u00e1 canciones en franc\u00e9s e ingl\u00e9s.<\/p>\n","protected":false},"excerpt":{"rendered":"<p>El cantautor espa\u00f1ol Pablo Albor\u00e1n dijo que en breve trabajar\u00e1 en la producci\u00f3n de un disco de m\u00fasica infantil con el fin de ayudar econ\u00f3micamente a la Fundaci\u00f3n Luis Olivares de su pa\u00eds, dedicada a tratar a ni\u00f1os con c\u00e1ncer. Es uno de mis sue\u00f1os\u201d, admiti\u00f3 el artista de 26 a\u00f1os en entrevista con medios [&hellip;]<\/p>\n","protected":false},"author":3,"featured_media":30299,"comment_status":"open","ping_status":"open","sticky":false,"template":"","format":"standard","meta":{"footnotes":""},"categories":[1,45],"tags":[],"class_list":["post-30298","post","type-post","status-publish","format-standard","has-post-thumbnail","hentry","category-entretenimiento","category-salud"],"_links":{"self":[{"href":"https:\/\/2horizontes.com\/index.php?rest_route=\/wp\/v2\/posts\/30298","targetHints":{"allow":["GET"]}}],"collection":[{"href":"https:\/\/2horizontes.com\/index.php?rest_route=\/wp\/v2\/posts"}],"about":[{"href":"https:\/\/2horizontes.com\/index.php?rest_route=\/wp\/v2\/types\/post"}],"author":[{"embeddable":true,"href":"https:\/\/2horizontes.com\/index.php?rest_route=\/wp\/v2\/users\/3"}],"replies":[{"embeddable":true,"href":"https:\/\/2horizontes.com\/index.php?rest_route=%2Fwp%2Fv2%2Fcomments&post=30298"}],"version-history":[{"count":1,"href":"https:\/\/2horizontes.com\/index.php?rest_route=\/wp\/v2\/posts\/30298\/revisions"}],"predecessor-version":[{"id":30300,"href":"https:\/\/2horizontes.com\/index.php?rest_route=\/wp\/v2\/posts\/30298\/revisions\/30300"}],"wp:featuredmedia":[{"embeddable":true,"href":"https:\/\/2horizontes.com\/index.php?rest_route=\/wp\/v2\/media\/30299"}],"wp:attachment":[{"href":"https:\/\/2horizontes.com\/index.php?rest_route=%2Fwp%2Fv2%2Fmedia&parent=30298"}],"wp:term":[{"taxonomy":"category","embeddable":true,"href":"https:\/\/2horizontes.com\/index.php?rest_route=%2Fwp%2Fv2%2Fcategories&post=30298"},{"taxonomy":"post_tag","embeddable":true,"href":"https:\/\/2horizontes.com\/index.php?rest_route=%2Fwp%2Fv2%2Ftags&post=30298"}],"curies":[{"name":"wp","href":"https:\/\/api.w.org\/{rel}","templated":true}]}}