{"id":30291,"date":"2015-10-28T19:41:55","date_gmt":"2015-10-28T18:41:55","guid":{"rendered":"http:\/\/2horizontes.com\/?p=30291"},"modified":"2015-10-28T19:41:55","modified_gmt":"2015-10-28T18:41:55","slug":"china-dominicanos-participan-bienal-arte","status":"publish","type":"post","link":"https:\/\/2horizontes.com\/?p=30291","title":{"rendered":"CHINA: Dominicanos participan Bienal Arte"},"content":{"rendered":"<p>BEIJING. China.- Los artistas dominicanos Iris P\u00e9rez y Jos\u00e9 Almonte est\u00e1n participando en la 6ta Bienal Internacional de Arte de Beijing..<\/p>\n<p>Jos\u00e9 Almonte participa con la obra Cord\u00f3n Umbilical de la serie Entrante y saliente. Y P\u00e9rez con la obra Naturaleza viva de la serie Energ\u00eda Humana del a\u00f1o 2014.<\/p>\n<p>La muestra cuenta con un total de 685 piezas de arte de 96 pa\u00edses que abarcan pinturas, esculturas, instalaciones, v\u00eddeos y t\u00e9cnica mixta (188 de China y 497 en el extranjero), con el tema La memoria y los sue\u00f1os.<\/p>\n<p>Copatrocinado por la Federaci\u00f3n China de C\u00edrculos Literarios y Art\u00edsticos, el Gobierno Popular del municipio de Beijing y la Asociaci\u00f3n de Artistas de China y ejecutado por la Asociaci\u00f3n de Artistas de China, la bienal se efect\u00faa en el Museo Nacional de Arte de China del 24 de septiembre al 15 de octubre del 2015.<\/p>\n<p>Adem\u00e1s de la exposici\u00f3n global se realizan paralelamente seis exposiciones especiales de arte contempor\u00e1neo, que incluyen la Exposici\u00f3n Especial de Canad\u00e1, la exposici\u00f3n Especial de Chile, la exposici\u00f3n Especial del Ecuador, la exposici\u00f3n Especial del sudeste asi\u00e1tico, la exposici\u00f3n Especial de Armenia y la exposici\u00f3n Especial del Sud\u00e1frica.<\/p>\n<p>La sexta Bienal de Beijing, bajo el tema la memoria y los sue\u00f1os, atrae a m\u00e1s de la mitad de los estados miembros de la ONU. Se convoc\u00f3 a los artistas de todo el mundo para que crearan pinturas y esculturas relacionadas con el tema para conmemorar el 70 aniversario del final de la Segunda Guerra Mundial.<\/p>\n","protected":false},"excerpt":{"rendered":"<p>BEIJING. China.- Los artistas dominicanos Iris P\u00e9rez y Jos\u00e9 Almonte est\u00e1n participando en la 6ta Bienal Internacional de Arte de Beijing.. Jos\u00e9 Almonte participa con la obra Cord\u00f3n Umbilical de la serie Entrante y saliente. Y P\u00e9rez con la obra Naturaleza viva de la serie Energ\u00eda Humana del a\u00f1o 2014. La muestra cuenta con un [&hellip;]<\/p>\n","protected":false},"author":8,"featured_media":30292,"comment_status":"open","ping_status":"open","sticky":false,"template":"","format":"standard","meta":{"footnotes":""},"categories":[1,40,44],"tags":[],"class_list":["post-30291","post","type-post","status-publish","format-standard","has-post-thumbnail","hentry","category-entretenimiento","category-internacionales","category-republica-dominicana"],"_links":{"self":[{"href":"https:\/\/2horizontes.com\/index.php?rest_route=\/wp\/v2\/posts\/30291","targetHints":{"allow":["GET"]}}],"collection":[{"href":"https:\/\/2horizontes.com\/index.php?rest_route=\/wp\/v2\/posts"}],"about":[{"href":"https:\/\/2horizontes.com\/index.php?rest_route=\/wp\/v2\/types\/post"}],"author":[{"embeddable":true,"href":"https:\/\/2horizontes.com\/index.php?rest_route=\/wp\/v2\/users\/8"}],"replies":[{"embeddable":true,"href":"https:\/\/2horizontes.com\/index.php?rest_route=%2Fwp%2Fv2%2Fcomments&post=30291"}],"version-history":[{"count":1,"href":"https:\/\/2horizontes.com\/index.php?rest_route=\/wp\/v2\/posts\/30291\/revisions"}],"predecessor-version":[{"id":30293,"href":"https:\/\/2horizontes.com\/index.php?rest_route=\/wp\/v2\/posts\/30291\/revisions\/30293"}],"wp:featuredmedia":[{"embeddable":true,"href":"https:\/\/2horizontes.com\/index.php?rest_route=\/wp\/v2\/media\/30292"}],"wp:attachment":[{"href":"https:\/\/2horizontes.com\/index.php?rest_route=%2Fwp%2Fv2%2Fmedia&parent=30291"}],"wp:term":[{"taxonomy":"category","embeddable":true,"href":"https:\/\/2horizontes.com\/index.php?rest_route=%2Fwp%2Fv2%2Fcategories&post=30291"},{"taxonomy":"post_tag","embeddable":true,"href":"https:\/\/2horizontes.com\/index.php?rest_route=%2Fwp%2Fv2%2Ftags&post=30291"}],"curies":[{"name":"wp","href":"https:\/\/api.w.org\/{rel}","templated":true}]}}