{"id":3026,"date":"2015-01-07T19:39:12","date_gmt":"2015-01-07T19:39:12","guid":{"rendered":"http:\/\/2horizontes.com\/?p=3026"},"modified":"2015-01-08T00:18:15","modified_gmt":"2015-01-08T00:18:15","slug":"directo-miles-de-personas-se-manifiestan-en-paris-contra-el-ataque","status":"publish","type":"post","link":"https:\/\/2horizontes.com\/?p=3026","title":{"rendered":"Miles de personas protestan en Par\u00eds contra el ataque el cual ha  dejado mas de 11 muertos"},"content":{"rendered":"<p><a href=\"http:\/\/2horizontes.com\/wp-content\/uploads\/2015\/01\/nji.jpg\"><img loading=\"lazy\" decoding=\"async\" src=\"http:\/\/2horizontes.com\/wp-content\/uploads\/2015\/01\/nji-300x160.jpg\" alt=\"nji\" width=\"300\" height=\"160\" class=\"alignleft size-medium wp-image-3027\" srcset=\"https:\/\/2horizontes.com\/wp-content\/uploads\/2015\/01\/nji-300x160.jpg 300w, https:\/\/2horizontes.com\/wp-content\/uploads\/2015\/01\/nji-510x272.jpg 510w, https:\/\/2horizontes.com\/wp-content\/uploads\/2015\/01\/nji.jpg 560w\" sizes=\"auto, (max-width: 300px) 100vw, 300px\" \/><\/a><\/p>\n<p>Miles de personas han secundado el llamamiento del Sindicato Nacional de Periodistas (SNJ) franc\u00e9s y han acudido este mi\u00e9rcoles a la plaza de la Rep\u00fablica de Par\u00eds para condenar el ataque terrorista que sufri\u00f3 la revista sat\u00edrica Charlie Hebdo y mostrar su solidaridad con las v\u00edctimas. Los manifestantes han respondido a las convocatorias espont\u00e1neas realizadas a trav\u00e9s de las redes sociales y muchos de ellos enarbolan carteles con la leyenda: \u00abJe suis Charlie\u00bb (\u00abYo soy Charlie\u00bb).<\/p>\n<p>En la concentraci\u00f3n, parte de los asistentes han mostrado pancartas de apoyo a la revista, algunas de ellas con im\u00e1genes de caricaturas de Mahoma. Otros de los manifestantes han alzado l\u00e1pices y bol\u00edgrafos como gesto de apoyo a la libertad de expresi\u00f3n, seg\u00fan medios locales.<\/p>\n<p>A la manifestaci\u00f3n de Par\u00eds se han sumado otras en distintas ciudades francesas como Toulouse, Nantes y Lille. Las redacciones de los medios franceses tambi\u00e9n han guardado un minuto de silencio en recuerdo a las v\u00edctimas y en apoyo a la revista.<\/p>\n<p>Ciudades como Londres, M\u00fanich y Amsterdam se han sumado a la ola de protestas. En Espa\u00f1a se ha convocado frente a la embajada Francesa a las 19:00 horas. Y en Berlin han sido depositadas unas rosas en el exterior de la Embajada del pa\u00eds galo en memoria de las v\u00edctimas.<\/p>\n<p>Por otro lado, los partidos de izquierda franceses han convocado a una marcha silenciosa el s\u00e1bado a las 15:00 horas en la Plaza de la Rep\u00fablica en Par\u00eds. La protesta estar\u00e1 abierta a todos los partidos.<\/p>\n","protected":false},"excerpt":{"rendered":"<p>Miles de personas han secundado el llamamiento del Sindicato Nacional de Periodistas (SNJ) franc\u00e9s y han acudido este mi\u00e9rcoles a la plaza de la Rep\u00fablica de Par\u00eds para condenar el ataque terrorista que sufri\u00f3 la revista sat\u00edrica Charlie Hebdo y mostrar su solidaridad con las v\u00edctimas. Los manifestantes han respondido a las convocatorias espont\u00e1neas realizadas [&hellip;]<\/p>\n","protected":false},"author":1,"featured_media":0,"comment_status":"open","ping_status":"open","sticky":false,"template":"","format":"standard","meta":{"footnotes":""},"categories":[1],"tags":[],"class_list":["post-3026","post","type-post","status-publish","format-standard","hentry","category-entretenimiento"],"_links":{"self":[{"href":"https:\/\/2horizontes.com\/index.php?rest_route=\/wp\/v2\/posts\/3026","targetHints":{"allow":["GET"]}}],"collection":[{"href":"https:\/\/2horizontes.com\/index.php?rest_route=\/wp\/v2\/posts"}],"about":[{"href":"https:\/\/2horizontes.com\/index.php?rest_route=\/wp\/v2\/types\/post"}],"author":[{"embeddable":true,"href":"https:\/\/2horizontes.com\/index.php?rest_route=\/wp\/v2\/users\/1"}],"replies":[{"embeddable":true,"href":"https:\/\/2horizontes.com\/index.php?rest_route=%2Fwp%2Fv2%2Fcomments&post=3026"}],"version-history":[{"count":4,"href":"https:\/\/2horizontes.com\/index.php?rest_route=\/wp\/v2\/posts\/3026\/revisions"}],"predecessor-version":[{"id":3031,"href":"https:\/\/2horizontes.com\/index.php?rest_route=\/wp\/v2\/posts\/3026\/revisions\/3031"}],"wp:attachment":[{"href":"https:\/\/2horizontes.com\/index.php?rest_route=%2Fwp%2Fv2%2Fmedia&parent=3026"}],"wp:term":[{"taxonomy":"category","embeddable":true,"href":"https:\/\/2horizontes.com\/index.php?rest_route=%2Fwp%2Fv2%2Fcategories&post=3026"},{"taxonomy":"post_tag","embeddable":true,"href":"https:\/\/2horizontes.com\/index.php?rest_route=%2Fwp%2Fv2%2Ftags&post=3026"}],"curies":[{"name":"wp","href":"https:\/\/api.w.org\/{rel}","templated":true}]}}