{"id":30242,"date":"2015-10-28T16:49:49","date_gmt":"2015-10-28T15:49:49","guid":{"rendered":"http:\/\/2horizontes.com\/?p=30242"},"modified":"2015-10-28T16:49:49","modified_gmt":"2015-10-28T15:49:49","slug":"cantante-zacarias-ferreiras-sufre-accidente-de-transito-en-autopista-duarte","status":"publish","type":"post","link":"https:\/\/2horizontes.com\/?p=30242","title":{"rendered":"Cantante Zacar\u00edas Ferreiras sufre accidente de tr\u00e1nsito en autopista Duarte"},"content":{"rendered":"<p>RD- SANTO DOMINGO- El bachatero Zacar\u00edas Ferreiras sufri\u00f3 golpes que obligaron su internamiento en un centro de salud de Santiago, luego que se el veh\u00edculo que conduc\u00eda chochara con un cami\u00f3n en\u00a0\u00a0la zona de Miranda en la autopista Duarte.<\/p>\n<p>Ferreiras se transportaba en una jeepeta Land Cruiser color negro.<\/p>\n<p>Tras el accidente, \u00a0fue ingresado en el Hospital Metropolitano de Santiago (HOMS) para ser tratado de los\u00a0\u00a0golpes en el pecho\u00a0\u00a0y otras partes de su cuerpo.<\/p>\n<p>&nbsp;<\/p>\n","protected":false},"excerpt":{"rendered":"<p>RD- SANTO DOMINGO- El bachatero Zacar\u00edas Ferreiras sufri\u00f3 golpes que obligaron su internamiento en un centro de salud de Santiago, luego que se el veh\u00edculo que conduc\u00eda chochara con un cami\u00f3n en\u00a0\u00a0la zona de Miranda en la autopista Duarte. Ferreiras se transportaba en una jeepeta Land Cruiser color negro. Tras el accidente, \u00a0fue ingresado en [&hellip;]<\/p>\n","protected":false},"author":8,"featured_media":30243,"comment_status":"open","ping_status":"open","sticky":false,"template":"","format":"standard","meta":{"footnotes":""},"categories":[1,53,44,45],"tags":[],"class_list":["post-30242","post","type-post","status-publish","format-standard","has-post-thumbnail","hentry","category-entretenimiento","category-provincias","category-republica-dominicana","category-salud"],"_links":{"self":[{"href":"https:\/\/2horizontes.com\/index.php?rest_route=\/wp\/v2\/posts\/30242","targetHints":{"allow":["GET"]}}],"collection":[{"href":"https:\/\/2horizontes.com\/index.php?rest_route=\/wp\/v2\/posts"}],"about":[{"href":"https:\/\/2horizontes.com\/index.php?rest_route=\/wp\/v2\/types\/post"}],"author":[{"embeddable":true,"href":"https:\/\/2horizontes.com\/index.php?rest_route=\/wp\/v2\/users\/8"}],"replies":[{"embeddable":true,"href":"https:\/\/2horizontes.com\/index.php?rest_route=%2Fwp%2Fv2%2Fcomments&post=30242"}],"version-history":[{"count":1,"href":"https:\/\/2horizontes.com\/index.php?rest_route=\/wp\/v2\/posts\/30242\/revisions"}],"predecessor-version":[{"id":30244,"href":"https:\/\/2horizontes.com\/index.php?rest_route=\/wp\/v2\/posts\/30242\/revisions\/30244"}],"wp:featuredmedia":[{"embeddable":true,"href":"https:\/\/2horizontes.com\/index.php?rest_route=\/wp\/v2\/media\/30243"}],"wp:attachment":[{"href":"https:\/\/2horizontes.com\/index.php?rest_route=%2Fwp%2Fv2%2Fmedia&parent=30242"}],"wp:term":[{"taxonomy":"category","embeddable":true,"href":"https:\/\/2horizontes.com\/index.php?rest_route=%2Fwp%2Fv2%2Fcategories&post=30242"},{"taxonomy":"post_tag","embeddable":true,"href":"https:\/\/2horizontes.com\/index.php?rest_route=%2Fwp%2Fv2%2Ftags&post=30242"}],"curies":[{"name":"wp","href":"https:\/\/api.w.org\/{rel}","templated":true}]}}