{"id":30200,"date":"2015-10-28T14:30:49","date_gmt":"2015-10-28T13:30:49","guid":{"rendered":"http:\/\/2horizontes.com\/?p=30200"},"modified":"2015-10-28T14:30:49","modified_gmt":"2015-10-28T13:30:49","slug":"soberanistas-catalanes-desafian-al-estado-espanol","status":"publish","type":"post","link":"https:\/\/2horizontes.com\/?p=30200","title":{"rendered":"Soberanistas catalanes desaf\u00edan al Estado espa\u00f1ol"},"content":{"rendered":"<p>Madrid<\/p>\n<p>Los soberanistas de Catalu\u00f1a dieron ayer un paso m\u00e1s en su pulso al Estado espa\u00f1ol con su plan secesionista, que el presidente del Gobierno, Mariano Rajoy, est\u00e1 dispuesto a frenar con todos los instrumentos legales a su alcance.<\/p>\n<p>Los dos grupos independentistas del Parlamento catal\u00e1n acordaron poner en marcha \u00abel proceso de creaci\u00f3n del estado catal\u00e1n independiente en forma de rep\u00fablica\u201d, con una declaraci\u00f3n consensuada que se plantea como la base de la \u00abdesconexi\u00f3n democr\u00e1tica\u201d de Catalu\u00f1a con respecto de Espa\u00f1a.<\/p>\n<p>Junts pel s\u00ed (Juntos por el s\u00ed) y la Candidatura de Unidad Popular (CUP) tienen 72 de los 135 esca\u00f1os del Parlamento catal\u00e1n despu\u00e9s de las elecciones regionales del pasado 27 de septiembre, en las que ambas no llegaron al 48% de los sufragios en unos comicios que se plantearon como un plebiscito en favor de la independencia. La resoluci\u00f3n aprobada se debatir\u00e1 en un pleno extraordinario antes del 9 de noviembre y prev\u00e9 que en un plazo m\u00e1ximo de 30 d\u00edas empiece la tramitaci\u00f3n de las \u00ableyes de proceso constituyente, de seguridad social y de hacienda p\u00fablica\u201d, que pongan las bases del hipot\u00e9tico estado catal\u00e1n.<\/p>\n<p>Despu\u00e9s de conocerse ese acuerdo, la Presidencia del Gobierno convoc\u00f3\u00a0 a la prensa para una comparecencia de Mariano Rajoy, en la que el jefe del Ejecutivo anunci\u00f3 que emplear\u00e1 todos los instrumentos legales para frenar el movimiento independentista en Catalu\u00f1a y garantizar la unidad de Espa\u00f1a. Rajoy dijo que no renunciar\u00e1 a los mecanismos jur\u00eddicos. (EFE).<\/p>\n<p>F. P\u00e1gina Siete.<\/p>\n","protected":false},"excerpt":{"rendered":"<p>Madrid Los soberanistas de Catalu\u00f1a dieron ayer un paso m\u00e1s en su pulso al Estado espa\u00f1ol con su plan secesionista, que el presidente del Gobierno, Mariano Rajoy, est\u00e1 dispuesto a frenar con todos los instrumentos legales a su alcance. Los dos grupos independentistas del Parlamento catal\u00e1n acordaron poner en marcha \u00abel proceso de creaci\u00f3n del [&hellip;]<\/p>\n","protected":false},"author":7,"featured_media":30201,"comment_status":"open","ping_status":"open","sticky":false,"template":"","format":"standard","meta":{"footnotes":""},"categories":[85,40,43],"tags":[],"class_list":["post-30200","post","type-post","status-publish","format-standard","has-post-thumbnail","hentry","category-espana","category-internacionales","category-politica"],"_links":{"self":[{"href":"https:\/\/2horizontes.com\/index.php?rest_route=\/wp\/v2\/posts\/30200","targetHints":{"allow":["GET"]}}],"collection":[{"href":"https:\/\/2horizontes.com\/index.php?rest_route=\/wp\/v2\/posts"}],"about":[{"href":"https:\/\/2horizontes.com\/index.php?rest_route=\/wp\/v2\/types\/post"}],"author":[{"embeddable":true,"href":"https:\/\/2horizontes.com\/index.php?rest_route=\/wp\/v2\/users\/7"}],"replies":[{"embeddable":true,"href":"https:\/\/2horizontes.com\/index.php?rest_route=%2Fwp%2Fv2%2Fcomments&post=30200"}],"version-history":[{"count":1,"href":"https:\/\/2horizontes.com\/index.php?rest_route=\/wp\/v2\/posts\/30200\/revisions"}],"predecessor-version":[{"id":30202,"href":"https:\/\/2horizontes.com\/index.php?rest_route=\/wp\/v2\/posts\/30200\/revisions\/30202"}],"wp:featuredmedia":[{"embeddable":true,"href":"https:\/\/2horizontes.com\/index.php?rest_route=\/wp\/v2\/media\/30201"}],"wp:attachment":[{"href":"https:\/\/2horizontes.com\/index.php?rest_route=%2Fwp%2Fv2%2Fmedia&parent=30200"}],"wp:term":[{"taxonomy":"category","embeddable":true,"href":"https:\/\/2horizontes.com\/index.php?rest_route=%2Fwp%2Fv2%2Fcategories&post=30200"},{"taxonomy":"post_tag","embeddable":true,"href":"https:\/\/2horizontes.com\/index.php?rest_route=%2Fwp%2Fv2%2Ftags&post=30200"}],"curies":[{"name":"wp","href":"https:\/\/api.w.org\/{rel}","templated":true}]}}