{"id":30113,"date":"2015-10-27T19:16:27","date_gmt":"2015-10-27T18:16:27","guid":{"rendered":"http:\/\/2horizontes.com\/?p=30113"},"modified":"2015-10-27T19:16:27","modified_gmt":"2015-10-27T18:16:27","slug":"onu-condena-embargo-a-cuba-por-abrumadora-mayoria","status":"publish","type":"post","link":"https:\/\/2horizontes.com\/?p=30113","title":{"rendered":"ONU condena embargo a Cuba por abrumadora mayor\u00eda"},"content":{"rendered":"<div id=\"ArticleAuthorDiv\" class=\"article-body-author\"><b>AP<\/b><\/div>\n<div id=\"ArticleSourceDiv\" class=\"article-body-author\"><b>Naciones Unidas<\/b><\/div>\n<div id=\"ArticleBody\">\n<p>La Asamblea General de la ONU aprob\u00f3 el martes por abrumadora mayor\u00eda una resoluci\u00f3n que condena el embargo contra Cuba.<\/p>\n<p>Selo Estados Unidos e Israel se opusieron a la medida, en la 24ta ocasi\u00f3n consecutiva en que el ente internacional condena las sanciones comerciales, econ\u00f3micas y financieras impuestas al gobierno de La Habana.<\/p>\n<p>La votaci\u00f3n del martes cont\u00f3 con un r\u00e9cord de pa\u00edses que votaron para condenar el embargo: un total de 191. Los diplom\u00e1ticos en el foro aplaudieron de pie al conocerse los resultados.<\/p>\n<\/div>\n","protected":false},"excerpt":{"rendered":"<p>AP Naciones Unidas La Asamblea General de la ONU aprob\u00f3 el martes por abrumadora mayor\u00eda una resoluci\u00f3n que condena el embargo contra Cuba. Selo Estados Unidos e Israel se opusieron a la medida, en la 24ta ocasi\u00f3n consecutiva en que el ente internacional condena las sanciones comerciales, econ\u00f3micas y financieras impuestas al gobierno de La [&hellip;]<\/p>\n","protected":false},"author":7,"featured_media":30119,"comment_status":"open","ping_status":"open","sticky":false,"template":"","format":"standard","meta":{"footnotes":""},"categories":[49,40,43],"tags":[],"class_list":["post-30113","post","type-post","status-publish","format-standard","has-post-thumbnail","hentry","category-cuba","category-internacionales","category-politica"],"_links":{"self":[{"href":"https:\/\/2horizontes.com\/index.php?rest_route=\/wp\/v2\/posts\/30113","targetHints":{"allow":["GET"]}}],"collection":[{"href":"https:\/\/2horizontes.com\/index.php?rest_route=\/wp\/v2\/posts"}],"about":[{"href":"https:\/\/2horizontes.com\/index.php?rest_route=\/wp\/v2\/types\/post"}],"author":[{"embeddable":true,"href":"https:\/\/2horizontes.com\/index.php?rest_route=\/wp\/v2\/users\/7"}],"replies":[{"embeddable":true,"href":"https:\/\/2horizontes.com\/index.php?rest_route=%2Fwp%2Fv2%2Fcomments&post=30113"}],"version-history":[{"count":1,"href":"https:\/\/2horizontes.com\/index.php?rest_route=\/wp\/v2\/posts\/30113\/revisions"}],"predecessor-version":[{"id":30121,"href":"https:\/\/2horizontes.com\/index.php?rest_route=\/wp\/v2\/posts\/30113\/revisions\/30121"}],"wp:featuredmedia":[{"embeddable":true,"href":"https:\/\/2horizontes.com\/index.php?rest_route=\/wp\/v2\/media\/30119"}],"wp:attachment":[{"href":"https:\/\/2horizontes.com\/index.php?rest_route=%2Fwp%2Fv2%2Fmedia&parent=30113"}],"wp:term":[{"taxonomy":"category","embeddable":true,"href":"https:\/\/2horizontes.com\/index.php?rest_route=%2Fwp%2Fv2%2Fcategories&post=30113"},{"taxonomy":"post_tag","embeddable":true,"href":"https:\/\/2horizontes.com\/index.php?rest_route=%2Fwp%2Fv2%2Ftags&post=30113"}],"curies":[{"name":"wp","href":"https:\/\/api.w.org\/{rel}","templated":true}]}}