{"id":3010,"date":"2015-01-07T14:22:48","date_gmt":"2015-01-07T14:22:48","guid":{"rendered":"http:\/\/2horizontes.com\/?p=3010"},"modified":"2015-01-07T14:22:48","modified_gmt":"2015-01-07T14:22:48","slug":"mas-de-10-muertos-en-ataque-contra-revista-satirica-francesa-en-paris","status":"publish","type":"post","link":"https:\/\/2horizontes.com\/?p=3010","title":{"rendered":"Mas de 10  muertos en ataque contra revista sat\u00edrica francesa en Par\u00eds"},"content":{"rendered":"<p><a href=\"http:\/\/2horizontes.com\/wp-content\/uploads\/2015\/01\/77.jpg\"><img loading=\"lazy\" decoding=\"async\" src=\"http:\/\/2horizontes.com\/wp-content\/uploads\/2015\/01\/77-300x167.jpg\" alt=\"77\" width=\"300\" height=\"167\" class=\"alignleft size-medium wp-image-3011\" srcset=\"https:\/\/2horizontes.com\/wp-content\/uploads\/2015\/01\/77-300x167.jpg 300w, https:\/\/2horizontes.com\/wp-content\/uploads\/2015\/01\/77-510x284.jpg 510w, https:\/\/2horizontes.com\/wp-content\/uploads\/2015\/01\/77-360x200.jpg 360w, https:\/\/2horizontes.com\/wp-content\/uploads\/2015\/01\/77-750x420.jpg 750w, https:\/\/2horizontes.com\/wp-content\/uploads\/2015\/01\/77.jpg 988w\" sizes=\"auto, (max-width: 300px) 100vw, 300px\" \/><\/a><\/p>\n<p>PAR\u00cdS, 7 Ene 2015 AFP \u2013 Once personas, entre ellas dos polic\u00edas, murieron el mi\u00e9rcoles en un ataque con fusiles de asalto y lanzacohetes perpetrado contra la sede en Par\u00eds del semanario sat\u00edrico franc\u00e9s Charlie Hebdo, seg\u00fan fuentes cercanas al caso. El presidente Fran\u00e7ois Hollande se traslad\u00f3 a la sede de la revista y convoc\u00f3 una reuni\u00f3n de crisis en el palacio presidencial a las 13H00 GMT, anunci\u00f3 la presidencia. Las autoridades anunciaron que pusieron a la regi\u00f3n parisina en estado de alerta m\u00e1xima. AFP<\/p>\n","protected":false},"excerpt":{"rendered":"<p>PAR\u00cdS, 7 Ene 2015 AFP \u2013 Once personas, entre ellas dos polic\u00edas, murieron el mi\u00e9rcoles en un ataque con fusiles de asalto y lanzacohetes perpetrado contra la sede en Par\u00eds del semanario sat\u00edrico franc\u00e9s Charlie Hebdo, seg\u00fan fuentes cercanas al caso. El presidente Fran\u00e7ois Hollande se traslad\u00f3 a la sede de la revista y convoc\u00f3 [&hellip;]<\/p>\n","protected":false},"author":1,"featured_media":0,"comment_status":"open","ping_status":"open","sticky":false,"template":"","format":"standard","meta":{"footnotes":""},"categories":[1],"tags":[],"class_list":["post-3010","post","type-post","status-publish","format-standard","hentry","category-entretenimiento"],"_links":{"self":[{"href":"https:\/\/2horizontes.com\/index.php?rest_route=\/wp\/v2\/posts\/3010","targetHints":{"allow":["GET"]}}],"collection":[{"href":"https:\/\/2horizontes.com\/index.php?rest_route=\/wp\/v2\/posts"}],"about":[{"href":"https:\/\/2horizontes.com\/index.php?rest_route=\/wp\/v2\/types\/post"}],"author":[{"embeddable":true,"href":"https:\/\/2horizontes.com\/index.php?rest_route=\/wp\/v2\/users\/1"}],"replies":[{"embeddable":true,"href":"https:\/\/2horizontes.com\/index.php?rest_route=%2Fwp%2Fv2%2Fcomments&post=3010"}],"version-history":[{"count":1,"href":"https:\/\/2horizontes.com\/index.php?rest_route=\/wp\/v2\/posts\/3010\/revisions"}],"predecessor-version":[{"id":3012,"href":"https:\/\/2horizontes.com\/index.php?rest_route=\/wp\/v2\/posts\/3010\/revisions\/3012"}],"wp:attachment":[{"href":"https:\/\/2horizontes.com\/index.php?rest_route=%2Fwp%2Fv2%2Fmedia&parent=3010"}],"wp:term":[{"taxonomy":"category","embeddable":true,"href":"https:\/\/2horizontes.com\/index.php?rest_route=%2Fwp%2Fv2%2Fcategories&post=3010"},{"taxonomy":"post_tag","embeddable":true,"href":"https:\/\/2horizontes.com\/index.php?rest_route=%2Fwp%2Fv2%2Ftags&post=3010"}],"curies":[{"name":"wp","href":"https:\/\/api.w.org\/{rel}","templated":true}]}}