{"id":30091,"date":"2015-10-27T17:56:56","date_gmt":"2015-10-27T16:56:56","guid":{"rendered":"http:\/\/2horizontes.com\/?p=30091"},"modified":"2015-10-27T17:56:56","modified_gmt":"2015-10-27T16:56:56","slug":"migracion-no-tiene-registros-de-salida-de-los-pilotos-franceses-por-los-puertos-rd","status":"publish","type":"post","link":"https:\/\/2horizontes.com\/?p=30091","title":{"rendered":"Migraci\u00f3n no tiene registros de salida de los pilotos franceses por los puertos RD"},"content":{"rendered":"<div id=\"ArticleBody\">\n<p>RD- SANTO DOMINGO-El director de Migraci\u00f3n, mayor general Rub\u00e9n Dar\u00edo Paulino Sem, dijo que no hay registros de salida por los aeropuertos ni por los puertos mar\u00edtimos, de los dos pilotos franceses condenados a 20 a\u00f1os de prisi\u00f3n por narcotr\u00e1fico.<\/p>\n<p>Sin embargo, indic\u00f3 que Migraci\u00f3n est\u00e1 integrada a las investigaciones que realizan los organismos de seguridad del Estado para establecer por donde salieron los extranjeros Pascal Jean Fauret y Bruno Odos.<\/p>\n<p>Con relaci\u00f3n a la denuncia del Arzobispo de Santiago, Freddy Bret\u00f3n, de que hay un incremento del tr\u00e1fico de haitianos\u00a0 a la Rep\u00fablica Dominicana, Paulino Sem dijo que el Ministerio de Defensa, el Cuerpo Especializado de Seguridad Fronteriza (Cesfront)\u00a0 y el Ej\u00e9rcito de Rep\u00fablica Dominicana han redoblado los controles en toda el \u00e1rea sur de Santiago para evitar que se sigan llegando indocumentados.<\/p>\n<p>Asegur\u00f3 que los haitianos que han llegado de manera ilegal ser\u00e1n devueltos a su pa\u00eds.<\/p>\n<p>El director de Migraci\u00f3n dijo que hoy se reuni\u00f3 el con presidente Danilo Medina quien est\u00e1 interesado con que esa situaci\u00f3n migratoria\u00a0 se controle.<\/p>\n<p>El funcionario hizo un recorrido en el aeropuerto Las Am\u00e9ricas donde anunci\u00f3 la integraci\u00f3n de 30 inspectores biling\u00fces que ser\u00e1n establecidos en el chequeo de los turistas que lleguen al pa\u00eds por esta terminal.<\/p>\n<\/div>\n<div><\/div>\n<p>&nbsp;<\/p>\n","protected":false},"excerpt":{"rendered":"<p>RD- SANTO DOMINGO-El director de Migraci\u00f3n, mayor general Rub\u00e9n Dar\u00edo Paulino Sem, dijo que no hay registros de salida por los aeropuertos ni por los puertos mar\u00edtimos, de los dos pilotos franceses condenados a 20 a\u00f1os de prisi\u00f3n por narcotr\u00e1fico. Sin embargo, indic\u00f3 que Migraci\u00f3n est\u00e1 integrada a las investigaciones que realizan los organismos de [&hellip;]<\/p>\n","protected":false},"author":8,"featured_media":30092,"comment_status":"open","ping_status":"open","sticky":false,"template":"","format":"standard","meta":{"footnotes":""},"categories":[44],"tags":[],"class_list":["post-30091","post","type-post","status-publish","format-standard","has-post-thumbnail","hentry","category-republica-dominicana"],"_links":{"self":[{"href":"https:\/\/2horizontes.com\/index.php?rest_route=\/wp\/v2\/posts\/30091","targetHints":{"allow":["GET"]}}],"collection":[{"href":"https:\/\/2horizontes.com\/index.php?rest_route=\/wp\/v2\/posts"}],"about":[{"href":"https:\/\/2horizontes.com\/index.php?rest_route=\/wp\/v2\/types\/post"}],"author":[{"embeddable":true,"href":"https:\/\/2horizontes.com\/index.php?rest_route=\/wp\/v2\/users\/8"}],"replies":[{"embeddable":true,"href":"https:\/\/2horizontes.com\/index.php?rest_route=%2Fwp%2Fv2%2Fcomments&post=30091"}],"version-history":[{"count":1,"href":"https:\/\/2horizontes.com\/index.php?rest_route=\/wp\/v2\/posts\/30091\/revisions"}],"predecessor-version":[{"id":30093,"href":"https:\/\/2horizontes.com\/index.php?rest_route=\/wp\/v2\/posts\/30091\/revisions\/30093"}],"wp:featuredmedia":[{"embeddable":true,"href":"https:\/\/2horizontes.com\/index.php?rest_route=\/wp\/v2\/media\/30092"}],"wp:attachment":[{"href":"https:\/\/2horizontes.com\/index.php?rest_route=%2Fwp%2Fv2%2Fmedia&parent=30091"}],"wp:term":[{"taxonomy":"category","embeddable":true,"href":"https:\/\/2horizontes.com\/index.php?rest_route=%2Fwp%2Fv2%2Fcategories&post=30091"},{"taxonomy":"post_tag","embeddable":true,"href":"https:\/\/2horizontes.com\/index.php?rest_route=%2Fwp%2Fv2%2Ftags&post=30091"}],"curies":[{"name":"wp","href":"https:\/\/api.w.org\/{rel}","templated":true}]}}