{"id":30082,"date":"2015-10-27T12:29:28","date_gmt":"2015-10-27T11:29:28","guid":{"rendered":"http:\/\/2horizontes.com\/?p=30082"},"modified":"2015-10-27T12:29:28","modified_gmt":"2015-10-27T11:29:28","slug":"demanda-colectiva-contra-apple-por-una-funcion-del-iphone-que-puede-disparar-la-factura","status":"publish","type":"post","link":"https:\/\/2horizontes.com\/?p=30082","title":{"rendered":"Demanda colectiva contra Apple por una funci\u00f3n del iPhone que puede disparar la factura"},"content":{"rendered":"<p>La empresa tecnol\u00f3gica Apple afronta una demanda colectiva por una nueva funci\u00f3n del tel\u00e9fono inteligente iPhone que le permite conectarse al plan de datos cuando la se\u00f1al inal\u00e1mbrica es d\u00e9bil.<\/p>\n<p>Los demandantes, Scott Phillips y Suzanne Schmidt, de Florida, plantearon una demanda colectiva ante el Tribunal de Distrito de San Jos\u00e9 (California) al objetar que su factura telef\u00f3nica se dispar\u00f3 debido a esa nueva funci\u00f3n del iPhone.<\/p>\n<p>Philips y Schmidt aseguran que la compa\u00f1\u00eda estadounidense deber\u00eda de pagar los costes de esa factura y las de otros usuarios con problemas similares, cuyo costo supuestamente ascender\u00eda a los cinco millones de d\u00f3lares (4,5 millones de euros).<\/p>\n<p>La demanda, que se present\u00f3 el viernes, trascendi\u00f3 este lunes a los medios, y el texto aparece publicado en su totalidad en el sitio web Scribd.<\/p>\n<p>La funci\u00f3n en cuesti\u00f3n, Wi-Fi Assist, hace que los tel\u00e9fonos se conecten al plan de datos cuando la se\u00f1al de internet inal\u00e1mbrica es d\u00e9bil, lo que ha provocado quejas de los usuarios con planes telef\u00f3nicos limitados, cuyas facturas se disparan en cuanto rebasan ese l\u00edmite.<\/p>\n<p>La empresa con sede en Cupertino (California) no se ha pronunciado sobre la demanda, aunque public\u00f3 este mes en la web una gu\u00eda sobre el Wi-Fi Assist en la que advierte de que la factura de tel\u00e9fono podr\u00eda aumentar si no se desactiva esta funci\u00f3n.<\/p>\n","protected":false},"excerpt":{"rendered":"<p>La empresa tecnol\u00f3gica Apple afronta una demanda colectiva por una nueva funci\u00f3n del tel\u00e9fono inteligente iPhone que le permite conectarse al plan de datos cuando la se\u00f1al inal\u00e1mbrica es d\u00e9bil. Los demandantes, Scott Phillips y Suzanne Schmidt, de Florida, plantearon una demanda colectiva ante el Tribunal de Distrito de San Jos\u00e9 (California) al objetar que [&hellip;]<\/p>\n","protected":false},"author":3,"featured_media":30083,"comment_status":"open","ping_status":"open","sticky":false,"template":"","format":"standard","meta":{"footnotes":""},"categories":[1],"tags":[],"class_list":["post-30082","post","type-post","status-publish","format-standard","has-post-thumbnail","hentry","category-entretenimiento"],"_links":{"self":[{"href":"https:\/\/2horizontes.com\/index.php?rest_route=\/wp\/v2\/posts\/30082","targetHints":{"allow":["GET"]}}],"collection":[{"href":"https:\/\/2horizontes.com\/index.php?rest_route=\/wp\/v2\/posts"}],"about":[{"href":"https:\/\/2horizontes.com\/index.php?rest_route=\/wp\/v2\/types\/post"}],"author":[{"embeddable":true,"href":"https:\/\/2horizontes.com\/index.php?rest_route=\/wp\/v2\/users\/3"}],"replies":[{"embeddable":true,"href":"https:\/\/2horizontes.com\/index.php?rest_route=%2Fwp%2Fv2%2Fcomments&post=30082"}],"version-history":[{"count":1,"href":"https:\/\/2horizontes.com\/index.php?rest_route=\/wp\/v2\/posts\/30082\/revisions"}],"predecessor-version":[{"id":30084,"href":"https:\/\/2horizontes.com\/index.php?rest_route=\/wp\/v2\/posts\/30082\/revisions\/30084"}],"wp:featuredmedia":[{"embeddable":true,"href":"https:\/\/2horizontes.com\/index.php?rest_route=\/wp\/v2\/media\/30083"}],"wp:attachment":[{"href":"https:\/\/2horizontes.com\/index.php?rest_route=%2Fwp%2Fv2%2Fmedia&parent=30082"}],"wp:term":[{"taxonomy":"category","embeddable":true,"href":"https:\/\/2horizontes.com\/index.php?rest_route=%2Fwp%2Fv2%2Fcategories&post=30082"},{"taxonomy":"post_tag","embeddable":true,"href":"https:\/\/2horizontes.com\/index.php?rest_route=%2Fwp%2Fv2%2Ftags&post=30082"}],"curies":[{"name":"wp","href":"https:\/\/api.w.org\/{rel}","templated":true}]}}