{"id":30066,"date":"2015-10-27T10:13:34","date_gmt":"2015-10-27T09:13:34","guid":{"rendered":"http:\/\/2horizontes.com\/?p=30066"},"modified":"2015-10-27T10:13:34","modified_gmt":"2015-10-27T09:13:34","slug":"aduriz-golea-mas-que-cristiano-ronaldo","status":"publish","type":"post","link":"https:\/\/2horizontes.com\/?p=30066","title":{"rendered":"Aduriz golea m\u00e1s que Cristiano Ronaldo"},"content":{"rendered":"<p>Aritz Aduriz es el delantero espa\u00f1ol m\u00e1s en forma de la Liga junto al celti\u00f1a Nolito. Ambos suman 7 goles en la presente Liga, igualados con el madridistay Cristiano Ronaldo el azulgrana Luis Su\u00e1rez.<\/p>\n<p>El ariete del Athletic ha marcado 14 de los 29 tantos oficiales de los leones en la presente campa\u00f1a, es decir el 48,2% de las dianas de su equipo.<\/p>\n<p>El crack portugu\u00e9s, por su parte, ha anotado 12 de los 27 goles (44,4%) del conjunto de Rafa Ben\u00edtez. El \u2018killer\u2019 de San Mam\u00e9s golea m\u00e1s que CR7 y sigue haciendo m\u00e9ritos para ser convocado por el seleccionador Vicente del Bosque, reacio hasta el momento a llevarse a la Roja al certero atacante del Athletic.<\/p>\n<p>Y del Bosque sin acordarse del voraz le\u00f3n<\/p>\n<p>Las redes sociales son un clamor pidiendo que Aduriz vaya a la Eurocopa de Francia-2016 despu\u00e9s de la reciente clasificaci\u00f3n de la Roja.<\/p>\n<p>El delantero guipuzcoano, de 34 a\u00f1os (cumplir\u00e1 35 el pr\u00f3ximo 11 de febrero), sigue a la suya. Este lunes bigole\u00f3 al Sporting en su partido n\u00famero 400 en Primera y ya suma 7 goles en la Liga (a solo uno del \u2018pichichi\u2019 Neymar), a los que hay que a\u00f1adir tres m\u00e1s en la Europa League y los cuatro que le endos\u00f3 al Bar\u00e7a en el doble duelo de la Supercopa de Espa\u00f1a celebrada este pasado verano.<\/p>\n<p>Aduriz puede presumir este curso de llevar un porcentaje de goles superior al de Cristiano Ronaldo. El luso, disfrutando de los encantos de Marruecos tras la victoria en Vigo ante el Celta (1-3), acumula 12 tantos en la docena de partidos que ha disputado en la presente temporada. CR7 es el autor de 7 dianas en la Liga (5 de ellas de una tacada al Espanyol) y 5 en la Champions League.<\/p>\n","protected":false},"excerpt":{"rendered":"<p>Aritz Aduriz es el delantero espa\u00f1ol m\u00e1s en forma de la Liga junto al celti\u00f1a Nolito. Ambos suman 7 goles en la presente Liga, igualados con el madridistay Cristiano Ronaldo el azulgrana Luis Su\u00e1rez. El ariete del Athletic ha marcado 14 de los 29 tantos oficiales de los leones en la presente campa\u00f1a, es decir [&hellip;]<\/p>\n","protected":false},"author":3,"featured_media":30067,"comment_status":"open","ping_status":"open","sticky":false,"template":"","format":"standard","meta":{"footnotes":""},"categories":[42],"tags":[],"class_list":["post-30066","post","type-post","status-publish","format-standard","has-post-thumbnail","hentry","category-deportes"],"_links":{"self":[{"href":"https:\/\/2horizontes.com\/index.php?rest_route=\/wp\/v2\/posts\/30066","targetHints":{"allow":["GET"]}}],"collection":[{"href":"https:\/\/2horizontes.com\/index.php?rest_route=\/wp\/v2\/posts"}],"about":[{"href":"https:\/\/2horizontes.com\/index.php?rest_route=\/wp\/v2\/types\/post"}],"author":[{"embeddable":true,"href":"https:\/\/2horizontes.com\/index.php?rest_route=\/wp\/v2\/users\/3"}],"replies":[{"embeddable":true,"href":"https:\/\/2horizontes.com\/index.php?rest_route=%2Fwp%2Fv2%2Fcomments&post=30066"}],"version-history":[{"count":1,"href":"https:\/\/2horizontes.com\/index.php?rest_route=\/wp\/v2\/posts\/30066\/revisions"}],"predecessor-version":[{"id":30068,"href":"https:\/\/2horizontes.com\/index.php?rest_route=\/wp\/v2\/posts\/30066\/revisions\/30068"}],"wp:featuredmedia":[{"embeddable":true,"href":"https:\/\/2horizontes.com\/index.php?rest_route=\/wp\/v2\/media\/30067"}],"wp:attachment":[{"href":"https:\/\/2horizontes.com\/index.php?rest_route=%2Fwp%2Fv2%2Fmedia&parent=30066"}],"wp:term":[{"taxonomy":"category","embeddable":true,"href":"https:\/\/2horizontes.com\/index.php?rest_route=%2Fwp%2Fv2%2Fcategories&post=30066"},{"taxonomy":"post_tag","embeddable":true,"href":"https:\/\/2horizontes.com\/index.php?rest_route=%2Fwp%2Fv2%2Ftags&post=30066"}],"curies":[{"name":"wp","href":"https:\/\/api.w.org\/{rel}","templated":true}]}}