{"id":30041,"date":"2015-10-27T09:46:16","date_gmt":"2015-10-27T08:46:16","guid":{"rendered":"http:\/\/2horizontes.com\/?p=30041"},"modified":"2015-10-27T09:46:16","modified_gmt":"2015-10-27T08:46:16","slug":"piden-15-anos-de-prision-para-un-hombre-acusado-de-agredir-sexualmente-a-su-hija","status":"publish","type":"post","link":"https:\/\/2horizontes.com\/?p=30041","title":{"rendered":"Piden 15 a\u00f1os de prisi\u00f3n para un hombre acusado de agredir sexualmente a su hija"},"content":{"rendered":"<p>La Audiencia Provincial acoger\u00e1 hoy, a partir de las 10.30 horas, el juicio contra un hombre residente en Alcorc\u00f3n, acusado de agredir sexualmente a su hija, para el que la Fiscal\u00eda solicita una pena de 7 a\u00f1os de prisi\u00f3n.<\/p>\n<p>Seg\u00fan las conclusiones provisionales del Ministerio P\u00fablico, en diciembre de 2014 el acusado se meti\u00f3 en su dormitorio con su hija cuando estaban solos en casa, cerr\u00f3 la puerta con pestillo, arroj\u00f3 a la menor a la cama y tras bajarle los pantalones comenz\u00f3 a agredirla sexualmente.<\/p>\n<p>La v\u00edctima consigui\u00f3 librarse de su agresor cuando la mujer del procesado y madre de la menor entr\u00f3 a la vivienda. La v\u00edctima inform\u00f3 del suceso a una profesora del colegio al que acude.<\/p>\n<p>As\u00ed, junto a la pena de 15 a\u00f1os de prisi\u00f3n, se pide para el acusado la inhabilitaci\u00f3n para el derecho de sufragio pasivo durante la condena as\u00ed como la prohibici\u00f3n de acercarse a la v\u00edctima por un plazo de 16 a\u00f1os.<\/p>\n","protected":false},"excerpt":{"rendered":"<p>La Audiencia Provincial acoger\u00e1 hoy, a partir de las 10.30 horas, el juicio contra un hombre residente en Alcorc\u00f3n, acusado de agredir sexualmente a su hija, para el que la Fiscal\u00eda solicita una pena de 7 a\u00f1os de prisi\u00f3n. Seg\u00fan las conclusiones provisionales del Ministerio P\u00fablico, en diciembre de 2014 el acusado se meti\u00f3 en [&hellip;]<\/p>\n","protected":false},"author":3,"featured_media":30042,"comment_status":"open","ping_status":"open","sticky":false,"template":"","format":"standard","meta":{"footnotes":""},"categories":[85],"tags":[],"class_list":["post-30041","post","type-post","status-publish","format-standard","has-post-thumbnail","hentry","category-espana"],"_links":{"self":[{"href":"https:\/\/2horizontes.com\/index.php?rest_route=\/wp\/v2\/posts\/30041","targetHints":{"allow":["GET"]}}],"collection":[{"href":"https:\/\/2horizontes.com\/index.php?rest_route=\/wp\/v2\/posts"}],"about":[{"href":"https:\/\/2horizontes.com\/index.php?rest_route=\/wp\/v2\/types\/post"}],"author":[{"embeddable":true,"href":"https:\/\/2horizontes.com\/index.php?rest_route=\/wp\/v2\/users\/3"}],"replies":[{"embeddable":true,"href":"https:\/\/2horizontes.com\/index.php?rest_route=%2Fwp%2Fv2%2Fcomments&post=30041"}],"version-history":[{"count":1,"href":"https:\/\/2horizontes.com\/index.php?rest_route=\/wp\/v2\/posts\/30041\/revisions"}],"predecessor-version":[{"id":30043,"href":"https:\/\/2horizontes.com\/index.php?rest_route=\/wp\/v2\/posts\/30041\/revisions\/30043"}],"wp:featuredmedia":[{"embeddable":true,"href":"https:\/\/2horizontes.com\/index.php?rest_route=\/wp\/v2\/media\/30042"}],"wp:attachment":[{"href":"https:\/\/2horizontes.com\/index.php?rest_route=%2Fwp%2Fv2%2Fmedia&parent=30041"}],"wp:term":[{"taxonomy":"category","embeddable":true,"href":"https:\/\/2horizontes.com\/index.php?rest_route=%2Fwp%2Fv2%2Fcategories&post=30041"},{"taxonomy":"post_tag","embeddable":true,"href":"https:\/\/2horizontes.com\/index.php?rest_route=%2Fwp%2Fv2%2Ftags&post=30041"}],"curies":[{"name":"wp","href":"https:\/\/api.w.org\/{rel}","templated":true}]}}