{"id":3004,"date":"2015-01-06T23:00:17","date_gmt":"2015-01-06T23:00:17","guid":{"rendered":"http:\/\/2horizontes.com\/?p=3004"},"modified":"2015-01-06T23:00:17","modified_gmt":"2015-01-06T23:00:17","slug":"cuba-inicia-gestos-de-reconciliacion-con-eeuu-al-liberar-a-presos","status":"publish","type":"post","link":"https:\/\/2horizontes.com\/?p=3004","title":{"rendered":"Cuba inicia gestos de reconciliaci\u00f3n con EEUU al liberar a presos"},"content":{"rendered":"<p><a href=\"http:\/\/2horizontes.com\/wp-content\/uploads\/2015\/01\/bhh.jpg\"><img loading=\"lazy\" decoding=\"async\" src=\"http:\/\/2horizontes.com\/wp-content\/uploads\/2015\/01\/bhh-300x225.jpg\" alt=\"bhh\" width=\"300\" height=\"225\" class=\"alignleft size-medium wp-image-3005\" srcset=\"https:\/\/2horizontes.com\/wp-content\/uploads\/2015\/01\/bhh-300x225.jpg 300w, https:\/\/2horizontes.com\/wp-content\/uploads\/2015\/01\/bhh-510x382.jpg 510w, https:\/\/2horizontes.com\/wp-content\/uploads\/2015\/01\/bhh.jpg 533w\" sizes=\"auto, (max-width: 300px) 100vw, 300px\" \/><\/a><\/p>\n<p>LA HABANA, 6 Ene 2015 (AFP) \u2013 Cuba hizo los primeros gestos de reconciliaci\u00f3n con Estados Unidos al liberar a una parte de 53 detenidos que Washington consideraba presos pol\u00edticos, casi tres semanas despu\u00e9s del hist\u00f3rico anuncio de normalizaci\u00f3n de las relaciones tras medio siglo de enemistad.<\/p>\n<p>\u201cYa han liberado a varios de esos detenidos\u201d, dijo este martes en Washington la portavoz del Departamento de Estado norteamericano, Jen Psaki, pero en La Habana el gobierno y los medios, bajo control estatal, guardaron silencio sobre este tema.<\/p>\n<p>La portavoz no inform\u00f3 cu\u00e1ntas personas fueron liberadas ni cu\u00e1ndo salieron de prisi\u00f3n, pero explic\u00f3 que formaban parte de una lista que Washington present\u00f3 a La Habana en las negociaciones secretas que condujeron a los presidentes Barack Obama y Ra\u00fal Castro a anunciar la hist\u00f3rica reconciliaci\u00f3n el 17 de diciembre.<\/p>\n<p>Ese d\u00eda el Departamento de Estado mencion\u00f3 que los acuerdos inclu\u00edan la liberaci\u00f3n de 53 personas, pero Psaki dijo este martes que la lista \u201cno debe ser vista como el final de nuestras discusiones sobre derechos humanos con el gobierno de Cuba. Es parte de ello, sin duda, y vemos que el gobierno de Cuba ha dado un paso que se hab\u00eda comprometido no s\u00f3lo con nosotros, sino tambi\u00e9n con el Vaticano\u201d.<\/p>\n<p>\u201cPlaneamos discutir sobre los temas de derechos humanos directamente con el gobierno cubano en las conversaciones sobre migraci\u00f3n y normalizaci\u00f3n en La Habana a fines de este mes\u201d, a\u00f1adi\u00f3 la portavoz.<\/p>\n<p>&#8211; \u201cEs un paso positivo\u201d &#8211;<\/p>\n<p>En Cuba ni el gobierno ni los medios han informado sobre la liberaci\u00f3n, pero la Comisi\u00f3n Cubana de Derechos Humanos, que es ilegal aunque tolerada, indic\u00f3 que estaba contactando familias en diversas partes de la isla para confirmar las excarcelaciones.<\/p>\n<p>\u201cNo tenemos ning\u00fan nombre confirmado, estamos en plena faena de contactar familias\u201d, dijo a la AFP el l\u00edder de la organizaci\u00f3n, el disidente Elizardo S\u00e1nchez, quien destac\u00f3 que \u201cni Obama ni Ra\u00fal Castro dieron cifras\u201d de las personas a liberar.<\/p>\n<p>\u201cAunque nadie sabe qui\u00e9nes son los que est\u00e1n siendo liberados, es un paso positivo y ser\u00eda el primero en el camino a la normalizaci\u00f3n de las relaciones\u201d entre los dos pa\u00edses, dijo por su parte a la AFP el disidente Manuel Cuesta Mor\u00faa.<\/p>\n<p>\u201cEl gobierno cubano se ha demorado en excarcelarlos, quiz\u00e1s para no dar la imagen de que est\u00e1 siendo presionado por su antiguo enemigo\u201d, indic\u00f3 Cuesta, agregando que \u201cesto debe extenderse a una lista de m\u00e1s de 100 presos pol\u00edticos que est\u00e1n en las c\u00e1rceles de la isla\u201d.<\/p>\n<p>Las liberaciones fueron anunciadas d\u00edas despu\u00e9s de que Estados Unidos y Cuba tuvieran su primer roce tras la reconciliaci\u00f3n, luego de que la polic\u00eda cubana arrestara a medio centenar de disidentes para impedir la realizaci\u00f3n de una tribuna p\u00fablica en La Habana convocada por la artista pl\u00e1stica Tania Bruguera.<\/p>\n<p>Todos los detenidos fueron liberados horas despu\u00e9s o al d\u00eda siguiente, seg\u00fan la Comisi\u00f3n de Derechos Humanos, incluida Bruguera, quien estuvo detenida tres veces la semana pasada.<\/p>\n","protected":false},"excerpt":{"rendered":"<p>LA HABANA, 6 Ene 2015 (AFP) \u2013 Cuba hizo los primeros gestos de reconciliaci\u00f3n con Estados Unidos al liberar a una parte de 53 detenidos que Washington consideraba presos pol\u00edticos, casi tres semanas despu\u00e9s del hist\u00f3rico anuncio de normalizaci\u00f3n de las relaciones tras medio siglo de enemistad. \u201cYa han liberado a varios de esos detenidos\u201d, [&hellip;]<\/p>\n","protected":false},"author":1,"featured_media":0,"comment_status":"open","ping_status":"open","sticky":false,"template":"","format":"standard","meta":{"footnotes":""},"categories":[1],"tags":[],"class_list":["post-3004","post","type-post","status-publish","format-standard","hentry","category-entretenimiento"],"_links":{"self":[{"href":"https:\/\/2horizontes.com\/index.php?rest_route=\/wp\/v2\/posts\/3004","targetHints":{"allow":["GET"]}}],"collection":[{"href":"https:\/\/2horizontes.com\/index.php?rest_route=\/wp\/v2\/posts"}],"about":[{"href":"https:\/\/2horizontes.com\/index.php?rest_route=\/wp\/v2\/types\/post"}],"author":[{"embeddable":true,"href":"https:\/\/2horizontes.com\/index.php?rest_route=\/wp\/v2\/users\/1"}],"replies":[{"embeddable":true,"href":"https:\/\/2horizontes.com\/index.php?rest_route=%2Fwp%2Fv2%2Fcomments&post=3004"}],"version-history":[{"count":1,"href":"https:\/\/2horizontes.com\/index.php?rest_route=\/wp\/v2\/posts\/3004\/revisions"}],"predecessor-version":[{"id":3006,"href":"https:\/\/2horizontes.com\/index.php?rest_route=\/wp\/v2\/posts\/3004\/revisions\/3006"}],"wp:attachment":[{"href":"https:\/\/2horizontes.com\/index.php?rest_route=%2Fwp%2Fv2%2Fmedia&parent=3004"}],"wp:term":[{"taxonomy":"category","embeddable":true,"href":"https:\/\/2horizontes.com\/index.php?rest_route=%2Fwp%2Fv2%2Fcategories&post=3004"},{"taxonomy":"post_tag","embeddable":true,"href":"https:\/\/2horizontes.com\/index.php?rest_route=%2Fwp%2Fv2%2Ftags&post=3004"}],"curies":[{"name":"wp","href":"https:\/\/api.w.org\/{rel}","templated":true}]}}