{"id":30031,"date":"2015-10-27T03:36:34","date_gmt":"2015-10-27T02:36:34","guid":{"rendered":"http:\/\/2horizontes.com\/?p=30031"},"modified":"2015-10-27T21:42:38","modified_gmt":"2015-10-27T20:42:38","slug":"salcedo-19-heridos-en-accidente-rd","status":"publish","type":"post","link":"https:\/\/2horizontes.com\/?p=30031","title":{"rendered":"SALCEDO: 19 heridos en accidente RD"},"content":{"rendered":"<p>RD- RANCHO ARRIBA-SALCEDO.-\u00a0Dieciocho\u00a0personas de 30 que viajaban a un intercambio deportivo hacia la comunidad de El Muerto, en esta ciudad, resultaron con heridas en diferentes partes del cuerpo cuando el cami\u00f3n en el que viajaban perdi\u00f3 en control\u00a0en una de la subida de la zona de Rancho Arriba.<\/p>\n<p class=\"wp-caption-text\">os heridos.Los heridos fueron Frankelis Tifa, Mart\u00edn S\u00e1nchez,, Jorge Luis V\u00e1squez, Apolinar Beato, Luis Manuel Cepeda, Charles Hidalgo, Domingo S\u00e1nchez, Mar\u00eda Emilia V\u00e1squez y Juanita Melo.<\/p>\n<p>Tambi\u00e9n William Sim\u00e9, Juan de Jes\u00fas Valerio, Andr\u00e9s S\u00e1nchez, Tatiana D Oleo, Francisco V\u00e1squez, Yunior Rosario, Mar\u00eda V\u00e1squez, Luis Henr\u00edquez, Juan de Jes\u00fas Valerio y Juan Melo, todos con edades que oscilan entre los 23 y 47 a\u00f1os de edad.<\/p>\n<p>En el veh\u00edculo tambi\u00e9n viajaban 89 ni\u00f1os los cuales solo resultaron con peque\u00f1os rasgu\u00f1os.<\/p>\n<p>De las 19 personas lesionadas, Juan Melo result\u00f3 con trauma cr\u00e1neo facial, as\u00ed como Juan de Jes\u00fas Valerio.<\/p>\n<p>Los accidentados se trasladaban desde su comunidad natal Villa Bartola, en Moca, hasta la comunidad Monta\u00f1osa de El Muerto, en donde realizar\u00edan un intercambio de beisbol con los jugadores de la comunidad monta\u00f1osa.<\/p>\n","protected":false},"excerpt":{"rendered":"<p>RD- RANCHO ARRIBA-SALCEDO.-\u00a0Dieciocho\u00a0personas de 30 que viajaban a un intercambio deportivo hacia la comunidad de El Muerto, en esta ciudad, resultaron con heridas en diferentes partes del cuerpo cuando el cami\u00f3n en el que viajaban perdi\u00f3 en control\u00a0en una de la subida de la zona de Rancho Arriba. os heridos.Los heridos fueron Frankelis Tifa, Mart\u00edn [&hellip;]<\/p>\n","protected":false},"author":8,"featured_media":30032,"comment_status":"open","ping_status":"open","sticky":false,"template":"","format":"standard","meta":{"footnotes":""},"categories":[53,44],"tags":[],"class_list":["post-30031","post","type-post","status-publish","format-standard","has-post-thumbnail","hentry","category-provincias","category-republica-dominicana"],"_links":{"self":[{"href":"https:\/\/2horizontes.com\/index.php?rest_route=\/wp\/v2\/posts\/30031","targetHints":{"allow":["GET"]}}],"collection":[{"href":"https:\/\/2horizontes.com\/index.php?rest_route=\/wp\/v2\/posts"}],"about":[{"href":"https:\/\/2horizontes.com\/index.php?rest_route=\/wp\/v2\/types\/post"}],"author":[{"embeddable":true,"href":"https:\/\/2horizontes.com\/index.php?rest_route=\/wp\/v2\/users\/8"}],"replies":[{"embeddable":true,"href":"https:\/\/2horizontes.com\/index.php?rest_route=%2Fwp%2Fv2%2Fcomments&post=30031"}],"version-history":[{"count":1,"href":"https:\/\/2horizontes.com\/index.php?rest_route=\/wp\/v2\/posts\/30031\/revisions"}],"predecessor-version":[{"id":30033,"href":"https:\/\/2horizontes.com\/index.php?rest_route=\/wp\/v2\/posts\/30031\/revisions\/30033"}],"wp:featuredmedia":[{"embeddable":true,"href":"https:\/\/2horizontes.com\/index.php?rest_route=\/wp\/v2\/media\/30032"}],"wp:attachment":[{"href":"https:\/\/2horizontes.com\/index.php?rest_route=%2Fwp%2Fv2%2Fmedia&parent=30031"}],"wp:term":[{"taxonomy":"category","embeddable":true,"href":"https:\/\/2horizontes.com\/index.php?rest_route=%2Fwp%2Fv2%2Fcategories&post=30031"},{"taxonomy":"post_tag","embeddable":true,"href":"https:\/\/2horizontes.com\/index.php?rest_route=%2Fwp%2Fv2%2Ftags&post=30031"}],"curies":[{"name":"wp","href":"https:\/\/api.w.org\/{rel}","templated":true}]}}