{"id":30028,"date":"2015-10-27T03:23:29","date_gmt":"2015-10-27T02:23:29","guid":{"rendered":"http:\/\/2horizontes.com\/?p=30028"},"modified":"2015-10-27T03:23:29","modified_gmt":"2015-10-27T02:23:29","slug":"tres-muertos-y-9-heridos-en-accidente-autopista-joaquin-balaguer-santiago-rd","status":"publish","type":"post","link":"https:\/\/2horizontes.com\/?p=30028","title":{"rendered":"Tres muertos y 9 heridos en accidente autopista Joaqu\u00edn Balaguer Santiago RD"},"content":{"rendered":"<p>RD- SANTIAGO- Tres personas murieron y otras nueve resultaron heridas luego de que una yipeta impactara con un autob\u00fas del transporte p\u00fablico que se desplazaba por la autopista Joaqu\u00edn Balaguer, tramo Villa Gonz\u00e1lez-Navarrete, en un hecho ocurrido pr\u00f3ximo al mediod\u00eda de este lunes.<\/p>\n<p>De las v\u00edctimas solo se ha identificado a Mar\u00eda Rodr\u00edguez Torres, de 60 a\u00f1os de edad, y Leonardo Abreu, quienes murieron en el lugar del accidente. La otra v\u00edctima mortal a\u00fan no ha sido identificada por las autoridades.<\/p>\n<p>En tanto, los heridos, entre los que hay varios de gravedad, fueron llevados al hospital municipal de Villa Gonz\u00e1lez, de donde se espera que sean referidos a un centro asistencial de Santiago.<\/p>\n<p>Seg\u00fan versiones, el minib\u00fas de la compa\u00f1\u00eda de transporte Expreso Bello Atardecer, de Mao, se dirig\u00eda a Santiago y en el referido tramo se les atraves\u00f3 una yipeta, lo que ocasion\u00f3 el tr\u00e1gico suceso.<\/p>\n<p>El tr\u00e1fico vehicular fue detenido moment\u00e1neamente, debido a que los veh\u00edculos que chocaron quedaron en medio de la v\u00eda hasta que fueron retirados por una gr\u00faa y trasladados a la sede de la Autoridad Metropolitana del Transporte (AMET), en el municipio de Navarrete.<\/p>\n","protected":false},"excerpt":{"rendered":"<p>RD- SANTIAGO- Tres personas murieron y otras nueve resultaron heridas luego de que una yipeta impactara con un autob\u00fas del transporte p\u00fablico que se desplazaba por la autopista Joaqu\u00edn Balaguer, tramo Villa Gonz\u00e1lez-Navarrete, en un hecho ocurrido pr\u00f3ximo al mediod\u00eda de este lunes. De las v\u00edctimas solo se ha identificado a Mar\u00eda Rodr\u00edguez Torres, de [&hellip;]<\/p>\n","protected":false},"author":8,"featured_media":30029,"comment_status":"open","ping_status":"open","sticky":false,"template":"","format":"standard","meta":{"footnotes":""},"categories":[53,44,45],"tags":[],"class_list":["post-30028","post","type-post","status-publish","format-standard","has-post-thumbnail","hentry","category-provincias","category-republica-dominicana","category-salud"],"_links":{"self":[{"href":"https:\/\/2horizontes.com\/index.php?rest_route=\/wp\/v2\/posts\/30028","targetHints":{"allow":["GET"]}}],"collection":[{"href":"https:\/\/2horizontes.com\/index.php?rest_route=\/wp\/v2\/posts"}],"about":[{"href":"https:\/\/2horizontes.com\/index.php?rest_route=\/wp\/v2\/types\/post"}],"author":[{"embeddable":true,"href":"https:\/\/2horizontes.com\/index.php?rest_route=\/wp\/v2\/users\/8"}],"replies":[{"embeddable":true,"href":"https:\/\/2horizontes.com\/index.php?rest_route=%2Fwp%2Fv2%2Fcomments&post=30028"}],"version-history":[{"count":1,"href":"https:\/\/2horizontes.com\/index.php?rest_route=\/wp\/v2\/posts\/30028\/revisions"}],"predecessor-version":[{"id":30030,"href":"https:\/\/2horizontes.com\/index.php?rest_route=\/wp\/v2\/posts\/30028\/revisions\/30030"}],"wp:featuredmedia":[{"embeddable":true,"href":"https:\/\/2horizontes.com\/index.php?rest_route=\/wp\/v2\/media\/30029"}],"wp:attachment":[{"href":"https:\/\/2horizontes.com\/index.php?rest_route=%2Fwp%2Fv2%2Fmedia&parent=30028"}],"wp:term":[{"taxonomy":"category","embeddable":true,"href":"https:\/\/2horizontes.com\/index.php?rest_route=%2Fwp%2Fv2%2Fcategories&post=30028"},{"taxonomy":"post_tag","embeddable":true,"href":"https:\/\/2horizontes.com\/index.php?rest_route=%2Fwp%2Fv2%2Ftags&post=30028"}],"curies":[{"name":"wp","href":"https:\/\/api.w.org\/{rel}","templated":true}]}}