{"id":30008,"date":"2015-10-26T19:21:32","date_gmt":"2015-10-26T18:21:32","guid":{"rendered":"http:\/\/2horizontes.com\/?p=30008"},"modified":"2015-10-26T19:21:32","modified_gmt":"2015-10-26T18:21:32","slug":"diputado-abel-martinez-anuncia-el-nacimiento-de-su-hijo-rd","status":"publish","type":"post","link":"https:\/\/2horizontes.com\/?p=30008","title":{"rendered":"Diputado Abel Mart\u00ednez anuncia el nacimiento de su hijo RD"},"content":{"rendered":"<article class=\"contenidoArticulo\">\n<div class=\"cuerpoNoticia\">\n<p>RD- SANTO DOMINGO- Naci\u00f3 anoche el hijo del presidente de la C\u00e1mara Diputado, Abel Mart\u00ednez, y la presentadora de televisi\u00f3n, Nahiony Reyes.<\/p>\n<p>La informaci\u00f3n la dio a conocer este lunes el legislador, a trav\u00e9s de su cuenta de Twitter, quien dijo que el nacimiento se produjo a las 11:05 de anoche.<\/p>\n<p>Inform\u00f3 que el beb\u00e9 llevar\u00e1 por nombre Abel Arturo. Agreg\u00f3 que su beb\u00e9 pes\u00f3 8 libras \u00bc y midi\u00f3 53 cm de largo.<\/p>\n<p>\u201c Una bendici\u00f3n!! Naci\u00f3\u00a0#AbelArturo\u00a0anoche a las 11:05 pm, 8 libras 1\/4, 53 cm de largo.\u00a0#Aprobado\u00a0@Nahiony\u201d, public\u00f3 Mart\u00ednez, en su Twitter.<\/p>\n<p>Mart\u00ednez y Reyes se casaron en marzo del a\u00f1o pasado.<\/p>\n<\/div>\n<\/article>\n<p>&nbsp;<\/p>\n","protected":false},"excerpt":{"rendered":"<p>RD- SANTO DOMINGO- Naci\u00f3 anoche el hijo del presidente de la C\u00e1mara Diputado, Abel Mart\u00ednez, y la presentadora de televisi\u00f3n, Nahiony Reyes. La informaci\u00f3n la dio a conocer este lunes el legislador, a trav\u00e9s de su cuenta de Twitter, quien dijo que el nacimiento se produjo a las 11:05 de anoche. Inform\u00f3 que el beb\u00e9 [&hellip;]<\/p>\n","protected":false},"author":8,"featured_media":30010,"comment_status":"open","ping_status":"open","sticky":false,"template":"","format":"standard","meta":{"footnotes":""},"categories":[1,43,44],"tags":[],"class_list":["post-30008","post","type-post","status-publish","format-standard","has-post-thumbnail","hentry","category-entretenimiento","category-politica","category-republica-dominicana"],"_links":{"self":[{"href":"https:\/\/2horizontes.com\/index.php?rest_route=\/wp\/v2\/posts\/30008","targetHints":{"allow":["GET"]}}],"collection":[{"href":"https:\/\/2horizontes.com\/index.php?rest_route=\/wp\/v2\/posts"}],"about":[{"href":"https:\/\/2horizontes.com\/index.php?rest_route=\/wp\/v2\/types\/post"}],"author":[{"embeddable":true,"href":"https:\/\/2horizontes.com\/index.php?rest_route=\/wp\/v2\/users\/8"}],"replies":[{"embeddable":true,"href":"https:\/\/2horizontes.com\/index.php?rest_route=%2Fwp%2Fv2%2Fcomments&post=30008"}],"version-history":[{"count":1,"href":"https:\/\/2horizontes.com\/index.php?rest_route=\/wp\/v2\/posts\/30008\/revisions"}],"predecessor-version":[{"id":30011,"href":"https:\/\/2horizontes.com\/index.php?rest_route=\/wp\/v2\/posts\/30008\/revisions\/30011"}],"wp:featuredmedia":[{"embeddable":true,"href":"https:\/\/2horizontes.com\/index.php?rest_route=\/wp\/v2\/media\/30010"}],"wp:attachment":[{"href":"https:\/\/2horizontes.com\/index.php?rest_route=%2Fwp%2Fv2%2Fmedia&parent=30008"}],"wp:term":[{"taxonomy":"category","embeddable":true,"href":"https:\/\/2horizontes.com\/index.php?rest_route=%2Fwp%2Fv2%2Fcategories&post=30008"},{"taxonomy":"post_tag","embeddable":true,"href":"https:\/\/2horizontes.com\/index.php?rest_route=%2Fwp%2Fv2%2Ftags&post=30008"}],"curies":[{"name":"wp","href":"https:\/\/api.w.org\/{rel}","templated":true}]}}