{"id":29988,"date":"2015-10-26T18:35:28","date_gmt":"2015-10-26T17:35:28","guid":{"rendered":"http:\/\/2horizontes.com\/?p=29988"},"modified":"2015-10-26T18:35:28","modified_gmt":"2015-10-26T17:35:28","slug":"hombre-mata-adolescente-de-18-anos-a-cuchilladas-rd","status":"publish","type":"post","link":"https:\/\/2horizontes.com\/?p=29988","title":{"rendered":"Hombre mata adolescente de 18 a\u00f1os a cuchilladas RD"},"content":{"rendered":"<p><strong>RD- SANTIAGO-<\/strong>Un adolescente se convierte de la nueva v\u00edctima de la criminalidad al ser ultimado por presunto delincuente en el barrio La Mosca, del sector Cienfuegos.<\/p>\n<p>Yeudi Mateo, de 18 a\u00f1os de edad, fue ultimado a cuchilladas la noche del domingo por un individuo solo identificado como Samuel.<\/p>\n<p>Mateo laboraba como obrero en una empresa llamada Agua Cascada.<\/p>\n<p>Hasta el momento no se ha establecido si se trat\u00f3 de una discusi\u00f3n o el joven fue v\u00edctima de atraco. \u201cTengo que matar uno hoy\u201d, supuestamente escucharon testigos del hecho cuando el identificado como Samuel acuchill\u00f3 a Mateo.<\/p>\n<p>El matador fue apresado en la ma\u00f1ana de hoy en la comunidad Rafey.<\/p>\n<p>El individuo tiene un su historial de violencia, al punto que recientemente hab\u00eda herido a su propio hermano, seg\u00fan reportes extraoficiales.<\/p>\n<p>&nbsp;<\/p>\n","protected":false},"excerpt":{"rendered":"<p>RD- SANTIAGO-Un adolescente se convierte de la nueva v\u00edctima de la criminalidad al ser ultimado por presunto delincuente en el barrio La Mosca, del sector Cienfuegos. Yeudi Mateo, de 18 a\u00f1os de edad, fue ultimado a cuchilladas la noche del domingo por un individuo solo identificado como Samuel. Mateo laboraba como obrero en una empresa [&hellip;]<\/p>\n","protected":false},"author":8,"featured_media":29989,"comment_status":"open","ping_status":"open","sticky":false,"template":"","format":"standard","meta":{"footnotes":""},"categories":[53,44],"tags":[],"class_list":["post-29988","post","type-post","status-publish","format-standard","has-post-thumbnail","hentry","category-provincias","category-republica-dominicana"],"_links":{"self":[{"href":"https:\/\/2horizontes.com\/index.php?rest_route=\/wp\/v2\/posts\/29988","targetHints":{"allow":["GET"]}}],"collection":[{"href":"https:\/\/2horizontes.com\/index.php?rest_route=\/wp\/v2\/posts"}],"about":[{"href":"https:\/\/2horizontes.com\/index.php?rest_route=\/wp\/v2\/types\/post"}],"author":[{"embeddable":true,"href":"https:\/\/2horizontes.com\/index.php?rest_route=\/wp\/v2\/users\/8"}],"replies":[{"embeddable":true,"href":"https:\/\/2horizontes.com\/index.php?rest_route=%2Fwp%2Fv2%2Fcomments&post=29988"}],"version-history":[{"count":1,"href":"https:\/\/2horizontes.com\/index.php?rest_route=\/wp\/v2\/posts\/29988\/revisions"}],"predecessor-version":[{"id":29990,"href":"https:\/\/2horizontes.com\/index.php?rest_route=\/wp\/v2\/posts\/29988\/revisions\/29990"}],"wp:featuredmedia":[{"embeddable":true,"href":"https:\/\/2horizontes.com\/index.php?rest_route=\/wp\/v2\/media\/29989"}],"wp:attachment":[{"href":"https:\/\/2horizontes.com\/index.php?rest_route=%2Fwp%2Fv2%2Fmedia&parent=29988"}],"wp:term":[{"taxonomy":"category","embeddable":true,"href":"https:\/\/2horizontes.com\/index.php?rest_route=%2Fwp%2Fv2%2Fcategories&post=29988"},{"taxonomy":"post_tag","embeddable":true,"href":"https:\/\/2horizontes.com\/index.php?rest_route=%2Fwp%2Fv2%2Ftags&post=29988"}],"curies":[{"name":"wp","href":"https:\/\/api.w.org\/{rel}","templated":true}]}}