{"id":29985,"date":"2015-10-26T18:29:53","date_gmt":"2015-10-26T17:29:53","guid":{"rendered":"http:\/\/2horizontes.com\/?p=29985"},"modified":"2015-10-26T18:29:53","modified_gmt":"2015-10-26T17:29:53","slug":"exraso-hablara-hoy-sobre-su-cancelacion-rd","status":"publish","type":"post","link":"https:\/\/2horizontes.com\/?p=29985","title":{"rendered":"Exraso hablar\u00e1 hoy sobre su cancelaci\u00f3n RD"},"content":{"rendered":"<p>RD- SANTO DOMINGO-El exraso de la Polic\u00eda Nacional Daurin Mu\u00f1oz Mart\u00ednez, quien llam\u00f3 la atenci\u00f3n de la opini\u00f3n p\u00fablica luego de su controversial video criticando los sueldos de la instituci\u00f3n, dijo este fin de semana que ser\u00e1 hoy cuando opinar\u00e1 sobre su cancelaci\u00f3n.<\/p>\n<p>Mu\u00f1oz Mart\u00ednez, quien fue cancelado el pasado viernes, inform\u00f3 que espera a reunirse con su abogado este lunes antes de emitir consideraciones respecto a su cancelaci\u00f3n por alegada mala conducta.<\/p>\n<p>El exraso de 28 a\u00f1os laboraba en el departamento de Pr\u00f3fugos, Rebeldes y Condenados de la Fiscal\u00eda del Distrito Nacional. Luego de que subiera a las redes sociales el video, la prensa public\u00f3 varios trabajos que le ayudaron a recibir empleo en televisi\u00f3n, desempe\u00f1arse como cronista deportivo.<\/p>\n","protected":false},"excerpt":{"rendered":"<p>RD- SANTO DOMINGO-El exraso de la Polic\u00eda Nacional Daurin Mu\u00f1oz Mart\u00ednez, quien llam\u00f3 la atenci\u00f3n de la opini\u00f3n p\u00fablica luego de su controversial video criticando los sueldos de la instituci\u00f3n, dijo este fin de semana que ser\u00e1 hoy cuando opinar\u00e1 sobre su cancelaci\u00f3n. Mu\u00f1oz Mart\u00ednez, quien fue cancelado el pasado viernes, inform\u00f3 que espera a [&hellip;]<\/p>\n","protected":false},"author":8,"featured_media":29986,"comment_status":"open","ping_status":"open","sticky":false,"template":"","format":"standard","meta":{"footnotes":""},"categories":[44],"tags":[],"class_list":["post-29985","post","type-post","status-publish","format-standard","has-post-thumbnail","hentry","category-republica-dominicana"],"_links":{"self":[{"href":"https:\/\/2horizontes.com\/index.php?rest_route=\/wp\/v2\/posts\/29985","targetHints":{"allow":["GET"]}}],"collection":[{"href":"https:\/\/2horizontes.com\/index.php?rest_route=\/wp\/v2\/posts"}],"about":[{"href":"https:\/\/2horizontes.com\/index.php?rest_route=\/wp\/v2\/types\/post"}],"author":[{"embeddable":true,"href":"https:\/\/2horizontes.com\/index.php?rest_route=\/wp\/v2\/users\/8"}],"replies":[{"embeddable":true,"href":"https:\/\/2horizontes.com\/index.php?rest_route=%2Fwp%2Fv2%2Fcomments&post=29985"}],"version-history":[{"count":1,"href":"https:\/\/2horizontes.com\/index.php?rest_route=\/wp\/v2\/posts\/29985\/revisions"}],"predecessor-version":[{"id":29987,"href":"https:\/\/2horizontes.com\/index.php?rest_route=\/wp\/v2\/posts\/29985\/revisions\/29987"}],"wp:featuredmedia":[{"embeddable":true,"href":"https:\/\/2horizontes.com\/index.php?rest_route=\/wp\/v2\/media\/29986"}],"wp:attachment":[{"href":"https:\/\/2horizontes.com\/index.php?rest_route=%2Fwp%2Fv2%2Fmedia&parent=29985"}],"wp:term":[{"taxonomy":"category","embeddable":true,"href":"https:\/\/2horizontes.com\/index.php?rest_route=%2Fwp%2Fv2%2Fcategories&post=29985"},{"taxonomy":"post_tag","embeddable":true,"href":"https:\/\/2horizontes.com\/index.php?rest_route=%2Fwp%2Fv2%2Ftags&post=29985"}],"curies":[{"name":"wp","href":"https:\/\/api.w.org\/{rel}","templated":true}]}}