{"id":29981,"date":"2015-10-26T18:23:24","date_gmt":"2015-10-26T17:23:24","guid":{"rendered":"http:\/\/2horizontes.com\/?p=29981"},"modified":"2015-10-26T18:23:51","modified_gmt":"2015-10-26T17:23:51","slug":"gomez-pepin-sera-expuesto-desde-las-500-de-hoy-en-la-funeraria-blandino-rd","status":"publish","type":"post","link":"https:\/\/2horizontes.com\/?p=29981","title":{"rendered":"El cuerpo de G\u00f3mez Pep\u00edn ser\u00e1 expuesto desde las 5:00 de hoy en la Funeraria Blandino RD"},"content":{"rendered":"<p>RD- SANTO DOMINGO-Los restos del veterano periodista y director del peri\u00f3dico El Nacional, <strong><a href=\"http:\/\/www.elcaribe.com.do\/2015\/10\/26\/fallecio-director-nacional-radhames-gomez-pepin\">\u00a0Radham\u00e9s G\u00f3mez Pep\u00edn<\/a><\/strong>, ser\u00e1n expuestos a partir de las 5:00 de la tarde de este lunes en la \u00a0Funeraria Blandino, de la avenida Abraham Lincoln, de esta capital.<\/p>\n<p>La informaci\u00f3n la dio conocer la jefa de redacci\u00f3n de apertura del peri\u00f3dico Hoy, Marien Aristy Capit\u00e1n, a trav\u00e9s de su cuenta de Twitter.<\/p>\n<p>G\u00f3mez Pep\u00edn muri\u00f3 esta ma\u00f1ana en el Centro de Diagn\u00f3stico Medicina Avanzada y Telemedicina (Cedimat) \u00a0a causa de problemas de salud.<\/p>\n<p>El comunicador, quien labor\u00f3 y dirigi\u00f3 varios medios de comunicaci\u00f3n, naci\u00f3\u00a0el 14 de diciembre de 1927,\u00a0en Santiago de los Caballeros.<\/p>\n<p>Desde que se inform\u00f3 su fallecimiento diversas personalidades han mostrado su pesar.<\/p>\n<p>&nbsp;<\/p>\n","protected":false},"excerpt":{"rendered":"<p>RD- SANTO DOMINGO-Los restos del veterano periodista y director del peri\u00f3dico El Nacional, \u00a0Radham\u00e9s G\u00f3mez Pep\u00edn, ser\u00e1n expuestos a partir de las 5:00 de la tarde de este lunes en la \u00a0Funeraria Blandino, de la avenida Abraham Lincoln, de esta capital. La informaci\u00f3n la dio conocer la jefa de redacci\u00f3n de apertura del peri\u00f3dico Hoy, [&hellip;]<\/p>\n","protected":false},"author":8,"featured_media":29982,"comment_status":"open","ping_status":"open","sticky":false,"template":"","format":"standard","meta":{"footnotes":""},"categories":[44],"tags":[],"class_list":["post-29981","post","type-post","status-publish","format-standard","has-post-thumbnail","hentry","category-republica-dominicana"],"_links":{"self":[{"href":"https:\/\/2horizontes.com\/index.php?rest_route=\/wp\/v2\/posts\/29981","targetHints":{"allow":["GET"]}}],"collection":[{"href":"https:\/\/2horizontes.com\/index.php?rest_route=\/wp\/v2\/posts"}],"about":[{"href":"https:\/\/2horizontes.com\/index.php?rest_route=\/wp\/v2\/types\/post"}],"author":[{"embeddable":true,"href":"https:\/\/2horizontes.com\/index.php?rest_route=\/wp\/v2\/users\/8"}],"replies":[{"embeddable":true,"href":"https:\/\/2horizontes.com\/index.php?rest_route=%2Fwp%2Fv2%2Fcomments&post=29981"}],"version-history":[{"count":2,"href":"https:\/\/2horizontes.com\/index.php?rest_route=\/wp\/v2\/posts\/29981\/revisions"}],"predecessor-version":[{"id":29984,"href":"https:\/\/2horizontes.com\/index.php?rest_route=\/wp\/v2\/posts\/29981\/revisions\/29984"}],"wp:featuredmedia":[{"embeddable":true,"href":"https:\/\/2horizontes.com\/index.php?rest_route=\/wp\/v2\/media\/29982"}],"wp:attachment":[{"href":"https:\/\/2horizontes.com\/index.php?rest_route=%2Fwp%2Fv2%2Fmedia&parent=29981"}],"wp:term":[{"taxonomy":"category","embeddable":true,"href":"https:\/\/2horizontes.com\/index.php?rest_route=%2Fwp%2Fv2%2Fcategories&post=29981"},{"taxonomy":"post_tag","embeddable":true,"href":"https:\/\/2horizontes.com\/index.php?rest_route=%2Fwp%2Fv2%2Ftags&post=29981"}],"curies":[{"name":"wp","href":"https:\/\/api.w.org\/{rel}","templated":true}]}}