{"id":29978,"date":"2015-10-26T18:18:36","date_gmt":"2015-10-26T17:18:36","guid":{"rendered":"http:\/\/2horizontes.com\/?p=29978"},"modified":"2015-10-26T18:18:36","modified_gmt":"2015-10-26T17:18:36","slug":"huchi-lora-revela-recibe-amenazas-de-muerte-advierte-no-le-cerraran-la-boca-rd","status":"publish","type":"post","link":"https:\/\/2horizontes.com\/?p=29978","title":{"rendered":"Huchi Lora revela recibe amenazas de muerte; advierte \u00abno le cerrar\u00e1n la boca\u00bb RD"},"content":{"rendered":"<p>RD- SANTO DOMINGO-El periodista y productor de radio televisi\u00f3n Luis Eduardo\u00a0 Lora (Huchi) manifest\u00f3 que \u201crecientemente\u201d ha recibido amenazas de muerte y advirti\u00f3 que con ello no lograr\u00e1n \u201ccerrarle la boca\u201d.<\/p>\n<p>La revelaci\u00f3n del comunicador, quien produce y conduce el programa El D\u00eda, la hizo en el programa \u201cP\u00e9gate y gana con El Pach\u00e1\u201d, donde se\u00f1al\u00f3 que anda desarmado e inst\u00f3 a quien quiera actuar contra \u00e9l que lo haga, porque \u201cde todas maneras, todos nos moriremos alg\u00fan d\u00eda\u201d.<\/p>\n<p><strong>\u201c<\/strong>Hac\u00eda mucho tiempo que no me amenazaban pero recientemente unos que privan en extremistas me han amenazado de muerte, yo no tengo problemas en ese sentido ando solo, ando desarmado, yo no soy gente de armas, entonces si quieren hacer lo que quieran hacer que lo hagan de todas maneras, todos nos moriremos alg\u00fan d\u00eda, pero lo que no voy a hacer es cerrar la boca\u201d, dijo Huchi hablando con Frederick Mart\u00ednez en un panel de comunicadores en Color Visi\u00f3n, se\u00f1ala una nota de prensa de la producci\u00f3n del programa.<\/p>\n<p>\u201cHay gente que hicieron amenazas y que guardaron cuatro millones de volantes buscando desacreditarme, cuatro millones a todo color a dos caras. Gastarse ese dinero es porque se quiere lograr a toda costa el silencio de alguien, bueno solamente hay una manera de callar a una persona que no anda con muchas pretensiones, que lo que quiere es hacer su trabajo, yo lo quiero hacer, en ese sentido si hay riesgo que vengan los riesgos y es lamentable no para el periodista sino para la sociedad\u201d, precis\u00f3 Lora.<\/p>\n<p>La nota indica que sobre el riesgo que implica el ejercicio period\u00edstico, Huchi Lora dijo \u201csi hubiera verdadera y absoluta libertad no deber\u00eda ser riesgoso pero lo es, porque f\u00edjense bien cuando se trata de callarle la boca a la prensa muchos\u00a0 pudieran pensar que los periodistas tienen problema o que tal periodista tiene problema porque lo quieren callar, no, el que tiene problema es usted ciudadano, porque cuando le quieren tapar la boca a un periodista lo que est\u00e1n es tapando los ojos y los o\u00eddos a usted, lo que no quieren es que ese comunicador le haga saber verdades a usted, entonces la agresi\u00f3n no es a la prensa la agresi\u00f3n es a toda la sociedad\u201d.<\/p>\n<p>Lora, quien en los \u00faltimos a\u00f1os ha incursionado en el cine como productor y guionista, refiri\u00f3 tambi\u00e9n que fue llevado a \u00a0los medios de comuicaci\u00f3n de la mano de Yaqui N\u00fa\u00f1ez del Risco, cuando trabajaba para el peri\u00f3dico La Noticia.<\/p>\n<p>\u201cA m\u00ed en el gobierno de Balaguer (Joaqu\u00edn Balaguer) me metieron preso varias veces, me hicieron muchas acusaciones, me amenazaron muchas veces, hubo ocasiones en que me salieron a buscar, una vez me salv\u00f3 monse\u00f1or Roque Adames en Santiago\u201d, recuerda el periodista.<\/p>\n<p>&nbsp;<\/p>\n","protected":false},"excerpt":{"rendered":"<p>RD- SANTO DOMINGO-El periodista y productor de radio televisi\u00f3n Luis Eduardo\u00a0 Lora (Huchi) manifest\u00f3 que \u201crecientemente\u201d ha recibido amenazas de muerte y advirti\u00f3 que con ello no lograr\u00e1n \u201ccerrarle la boca\u201d. La revelaci\u00f3n del comunicador, quien produce y conduce el programa El D\u00eda, la hizo en el programa \u201cP\u00e9gate y gana con El Pach\u00e1\u201d, donde [&hellip;]<\/p>\n","protected":false},"author":8,"featured_media":29979,"comment_status":"open","ping_status":"open","sticky":false,"template":"","format":"standard","meta":{"footnotes":""},"categories":[84,44],"tags":[],"class_list":["post-29978","post","type-post","status-publish","format-standard","has-post-thumbnail","hentry","category-otras-noticias","category-republica-dominicana"],"_links":{"self":[{"href":"https:\/\/2horizontes.com\/index.php?rest_route=\/wp\/v2\/posts\/29978","targetHints":{"allow":["GET"]}}],"collection":[{"href":"https:\/\/2horizontes.com\/index.php?rest_route=\/wp\/v2\/posts"}],"about":[{"href":"https:\/\/2horizontes.com\/index.php?rest_route=\/wp\/v2\/types\/post"}],"author":[{"embeddable":true,"href":"https:\/\/2horizontes.com\/index.php?rest_route=\/wp\/v2\/users\/8"}],"replies":[{"embeddable":true,"href":"https:\/\/2horizontes.com\/index.php?rest_route=%2Fwp%2Fv2%2Fcomments&post=29978"}],"version-history":[{"count":1,"href":"https:\/\/2horizontes.com\/index.php?rest_route=\/wp\/v2\/posts\/29978\/revisions"}],"predecessor-version":[{"id":29980,"href":"https:\/\/2horizontes.com\/index.php?rest_route=\/wp\/v2\/posts\/29978\/revisions\/29980"}],"wp:featuredmedia":[{"embeddable":true,"href":"https:\/\/2horizontes.com\/index.php?rest_route=\/wp\/v2\/media\/29979"}],"wp:attachment":[{"href":"https:\/\/2horizontes.com\/index.php?rest_route=%2Fwp%2Fv2%2Fmedia&parent=29978"}],"wp:term":[{"taxonomy":"category","embeddable":true,"href":"https:\/\/2horizontes.com\/index.php?rest_route=%2Fwp%2Fv2%2Fcategories&post=29978"},{"taxonomy":"post_tag","embeddable":true,"href":"https:\/\/2horizontes.com\/index.php?rest_route=%2Fwp%2Fv2%2Ftags&post=29978"}],"curies":[{"name":"wp","href":"https:\/\/api.w.org\/{rel}","templated":true}]}}