{"id":29966,"date":"2015-10-26T17:36:40","date_gmt":"2015-10-26T16:36:40","guid":{"rendered":"http:\/\/2horizontes.com\/?p=29966"},"modified":"2015-10-26T17:36:40","modified_gmt":"2015-10-26T16:36:40","slug":"gobierno-aprueba-convocatoria-a-elecciones-generales-espana","status":"publish","type":"post","link":"https:\/\/2horizontes.com\/?p=29966","title":{"rendered":"Gobierno aprueba convocatoria a elecciones generales  ESPA\u00d1A"},"content":{"rendered":"<p>Madrid- (PL) El Consejo de Ministros de Espa\u00f1a tramita hoy en reuni\u00f3n extraordinaria el real decreto de disoluci\u00f3n de las Cortes y la convocatoria a unas complicadas elecciones generales el pr\u00f3ximo 20 de diciembre.<\/p>\n<p>El acuerdo, que ser\u00e1 publicado ma\u00f1ana en el Bolet\u00edn Oficial del Estado, incluir\u00e1, como establece la Constituci\u00f3n, la fecha de las sesiones constitutivas del Congreso y el Senado, hasta 25 d\u00edas posteriores a los comicios.<\/p>\n<p>Las normativas indican que los partidos tienen hasta el d\u00eda 6 de noviembre para informar sobre la intenci\u00f3n de presentarse en alguna coalici\u00f3n y establecen el plazo del 11 al 16 de ese mes para someter las candidaturas.<\/p>\n<p>Oficialmente la campa\u00f1a electoral se realizara del 4 al 18 de diciembre, si bien ya los partdios comenzaron a exponer sus programas, desde que el presidente del gobierno, Mariano Rajoy, anunci\u00f3 semanas atr\u00e1s la fecha del 20 de diciembre.<\/p>\n<p>Encuestas realizadas hasta ahora auguran una fuerte p\u00e9rdida de votos al gobernante Partido Popular (PP), afectado por la mala percepci\u00f3n del manejo de la crisis que tiene gran parte de la poblaci\u00f3n y esc\u00e1ndalos de corrupci\u00f3n.<\/p>\n<p>La mayor\u00eda de los sondeos auguran que el PP no podr\u00e1 repetir la mayor\u00eda absoluta actual en el parlamento y por ello no podr\u00e1 formar gobierno, a menos que reciba el respaldo de otras fuerzas pol\u00edticas.<\/p>\n<p>El Partido Socialista Obrero Espa\u00f1ol (PSOE), que alterna en el gobierno con el PP durante las \u00faltimas d\u00e9cadas, tampoco aparece como un claro ganador, aquejado igualmente por la percepci\u00f3n sobre su responsabilidad en la crisis y esc\u00e1ndalos de corrupci\u00f3n.<\/p>\n<p>La erosi\u00f3n de los dos partidos tradicionales -el llamado bipartidismo espa\u00f1ol- est\u00e1 acompa\u00f1ado de la aparici\u00f3n con fuerza de los partidos Ciudadanos (derecha) y Podemos, con un programa cercano a la socialdemocracia que se disputan el centro pol\u00edtico.<\/p>\n<p>Seg\u00fan la mayor\u00eda de las investigaciones, ninguno de los cuatro partidos podr\u00e1 obtener suficientes votos para formar un gobierno monocolor, lo que abre Espa\u00f1a al juego de alianzas y coaliciones, tras una etapa de mayor\u00edas absolutas.<\/p>\n<p>Un componente no manejado hasta ahora, que podr\u00e1 influir en las elecciones si llega a confirmarse, es el proyecto de coalici\u00f3n Unidad Popular, con Izquierda Unida (hoy tercer partido parlamentario), otros partidos menores y movimientos sociales.<\/p>\n<p>&nbsp;<\/p>\n","protected":false},"excerpt":{"rendered":"<p>Madrid- (PL) El Consejo de Ministros de Espa\u00f1a tramita hoy en reuni\u00f3n extraordinaria el real decreto de disoluci\u00f3n de las Cortes y la convocatoria a unas complicadas elecciones generales el pr\u00f3ximo 20 de diciembre. El acuerdo, que ser\u00e1 publicado ma\u00f1ana en el Bolet\u00edn Oficial del Estado, incluir\u00e1, como establece la Constituci\u00f3n, la fecha de las [&hellip;]<\/p>\n","protected":false},"author":8,"featured_media":29967,"comment_status":"open","ping_status":"open","sticky":false,"template":"","format":"standard","meta":{"footnotes":""},"categories":[85,86,40,43],"tags":[],"class_list":["post-29966","post","type-post","status-publish","format-standard","has-post-thumbnail","hentry","category-espana","category-europa","category-internacionales","category-politica"],"_links":{"self":[{"href":"https:\/\/2horizontes.com\/index.php?rest_route=\/wp\/v2\/posts\/29966","targetHints":{"allow":["GET"]}}],"collection":[{"href":"https:\/\/2horizontes.com\/index.php?rest_route=\/wp\/v2\/posts"}],"about":[{"href":"https:\/\/2horizontes.com\/index.php?rest_route=\/wp\/v2\/types\/post"}],"author":[{"embeddable":true,"href":"https:\/\/2horizontes.com\/index.php?rest_route=\/wp\/v2\/users\/8"}],"replies":[{"embeddable":true,"href":"https:\/\/2horizontes.com\/index.php?rest_route=%2Fwp%2Fv2%2Fcomments&post=29966"}],"version-history":[{"count":1,"href":"https:\/\/2horizontes.com\/index.php?rest_route=\/wp\/v2\/posts\/29966\/revisions"}],"predecessor-version":[{"id":29968,"href":"https:\/\/2horizontes.com\/index.php?rest_route=\/wp\/v2\/posts\/29966\/revisions\/29968"}],"wp:featuredmedia":[{"embeddable":true,"href":"https:\/\/2horizontes.com\/index.php?rest_route=\/wp\/v2\/media\/29967"}],"wp:attachment":[{"href":"https:\/\/2horizontes.com\/index.php?rest_route=%2Fwp%2Fv2%2Fmedia&parent=29966"}],"wp:term":[{"taxonomy":"category","embeddable":true,"href":"https:\/\/2horizontes.com\/index.php?rest_route=%2Fwp%2Fv2%2Fcategories&post=29966"},{"taxonomy":"post_tag","embeddable":true,"href":"https:\/\/2horizontes.com\/index.php?rest_route=%2Fwp%2Fv2%2Ftags&post=29966"}],"curies":[{"name":"wp","href":"https:\/\/api.w.org\/{rel}","templated":true}]}}