{"id":29951,"date":"2015-10-26T16:19:49","date_gmt":"2015-10-26T15:19:49","guid":{"rendered":"http:\/\/2horizontes.com\/?p=29951"},"modified":"2015-10-26T16:19:49","modified_gmt":"2015-10-26T15:19:49","slug":"tormenta-derriba-arboles-y-postes-de-luz-dana-semaforos-e-inunda-vivendas-en-rd","status":"publish","type":"post","link":"https:\/\/2horizontes.com\/?p=29951","title":{"rendered":"Tormenta derriba \u00e1rboles y postes de luz, da\u00f1a sem\u00e1foros e inunda vivendas en RD"},"content":{"rendered":"<p>RD &#8211; SANTO DOMINGO &#8211; Una tormenta que este domingo afect\u00f3 al Gran Santo Domingo y otras localidades de la Rep\u00fablica Dominicana derrib\u00f3 \u00e1rboles y postes del tendido el\u00e9ctrico, da\u00f1\u00f3 sem\u00e1foros e inund\u00f3 miles de vivendas e importantes avenidas y carreteras.<\/p>\n<p>El temporal empez\u00f3 alrededor de las 8:00 de la noche y estuvo acompa\u00f1ado de una tormenta el\u00e9ctrica y tronadas. Debido al mismo\u00a0fue suspendido el servicio el\u00e9ctrico pero las autoridades dicen que fue restablecido casi cuatro horas despu\u00e9s.<\/p>\n<p>Entre las avenidas m\u00e1s afectadas en la Capital figuran la Josefa Brea, Pedro Livio Cede\u00f1o, Duarte, Leopoldo Navarro y la esquina formada por la M\u00e1ximo G\u00f3mez y Pedro Henr\u00edquez Ure\u00f1a, donde un gran \u00e1rbol cay\u00f3 al pavimento y paraliz\u00f3 el tr\u00e1nsito.<\/p>\n<p>Otro \u00e1rbol cay\u00f3 sobre una casa del sector Villa Aura, en Santo Domingo Este, donde, adem\u00e1s, el fen\u00f3meno derrib\u00f3 letreros y vallas publicitarias.<\/p>\n<p>Asimismo, hubo inundaciones en la avenida Doctor Defill\u00f3, en el sector Los Prados, lo que imposibilit\u00f3 el tr\u00e1fico veh\u00edcular.<\/p>\n<p>En la intersecci\u00f3n de las avenidas M\u00e1ximo G\u00f3mez y 27 de Febrero los sem\u00e1foros dejaron de funcionar, aunque agentes de la Autoridad Metropolitana de Transporte (AMET) viabilizar el tr\u00e1nsito.<\/p>\n<p>En la M\u00e1ximo G\u00f3mez y John F. Kennedy se volc\u00f3 un cami\u00f3n cargado de tomates y berenjenas y provoc\u00f3 un gran entaponamiento.<\/p>\n","protected":false},"excerpt":{"rendered":"<p>RD &#8211; SANTO DOMINGO &#8211; Una tormenta que este domingo afect\u00f3 al Gran Santo Domingo y otras localidades de la Rep\u00fablica Dominicana derrib\u00f3 \u00e1rboles y postes del tendido el\u00e9ctrico, da\u00f1\u00f3 sem\u00e1foros e inund\u00f3 miles de vivendas e importantes avenidas y carreteras. El temporal empez\u00f3 alrededor de las 8:00 de la noche y estuvo acompa\u00f1ado de [&hellip;]<\/p>\n","protected":false},"author":8,"featured_media":29952,"comment_status":"open","ping_status":"open","sticky":false,"template":"","format":"standard","meta":{"footnotes":""},"categories":[44],"tags":[],"class_list":["post-29951","post","type-post","status-publish","format-standard","has-post-thumbnail","hentry","category-republica-dominicana"],"_links":{"self":[{"href":"https:\/\/2horizontes.com\/index.php?rest_route=\/wp\/v2\/posts\/29951","targetHints":{"allow":["GET"]}}],"collection":[{"href":"https:\/\/2horizontes.com\/index.php?rest_route=\/wp\/v2\/posts"}],"about":[{"href":"https:\/\/2horizontes.com\/index.php?rest_route=\/wp\/v2\/types\/post"}],"author":[{"embeddable":true,"href":"https:\/\/2horizontes.com\/index.php?rest_route=\/wp\/v2\/users\/8"}],"replies":[{"embeddable":true,"href":"https:\/\/2horizontes.com\/index.php?rest_route=%2Fwp%2Fv2%2Fcomments&post=29951"}],"version-history":[{"count":1,"href":"https:\/\/2horizontes.com\/index.php?rest_route=\/wp\/v2\/posts\/29951\/revisions"}],"predecessor-version":[{"id":29953,"href":"https:\/\/2horizontes.com\/index.php?rest_route=\/wp\/v2\/posts\/29951\/revisions\/29953"}],"wp:featuredmedia":[{"embeddable":true,"href":"https:\/\/2horizontes.com\/index.php?rest_route=\/wp\/v2\/media\/29952"}],"wp:attachment":[{"href":"https:\/\/2horizontes.com\/index.php?rest_route=%2Fwp%2Fv2%2Fmedia&parent=29951"}],"wp:term":[{"taxonomy":"category","embeddable":true,"href":"https:\/\/2horizontes.com\/index.php?rest_route=%2Fwp%2Fv2%2Fcategories&post=29951"},{"taxonomy":"post_tag","embeddable":true,"href":"https:\/\/2horizontes.com\/index.php?rest_route=%2Fwp%2Fv2%2Ftags&post=29951"}],"curies":[{"name":"wp","href":"https:\/\/api.w.org\/{rel}","templated":true}]}}