{"id":29931,"date":"2015-10-26T15:19:16","date_gmt":"2015-10-26T14:19:16","guid":{"rendered":"http:\/\/2horizontes.com\/?p=29931"},"modified":"2015-10-26T15:19:16","modified_gmt":"2015-10-26T14:19:16","slug":"pedro-sanchez-llego-el-momento-de-hacer-algo-y-no-como-siempre","status":"publish","type":"post","link":"https:\/\/2horizontes.com\/?p=29931","title":{"rendered":"Pedro S\u00e1nchez: \u201cLleg\u00f3 el momento de hacer algo y no como siempre\u201d"},"content":{"rendered":"<p>El secretario general del PSOE, Pedro S\u00e1nchez, ha reivindicado su programa electoral este lunes, en el mismo d\u00eda en que el presidente del Gobierno, Mariano Rajoy, convoca de manera oficial los comicios generales del pr\u00f3ximo 20 de diciembre. Ante la fecha de las urnas, S\u00e1nchez ha manifestado que \u00ablleg\u00f3 el momento de hacer algo, no de hacer las cosas como siempre, sino mejor y de manera m\u00e1s justa\u00bb. El l\u00edder de la oposici\u00f3n ha hecho un repaso a sus propuestas, que giran en torno a tres objetivos concretos: combatir la desigualdad econ\u00f3mica, el paro y la corrupci\u00f3n. El dirigente socialista ha asegurado que, en caso de tener que pactar con alguna formaci\u00f3n para gobernar, no lo har\u00e1 con las siglas de un partido en concreto, sino con sus pol\u00edticas.<a name=\"sumario_1\"><\/a><\/p>\n<p>Pedro S\u00e1nchez ha afirmado que su partido es la \u00fanica elecci\u00f3n posible para lograr \u00abun cambio seguro\u00bb tras las elecciones del 20 de diciembre, en un desayuno informativo en Toledo en la ma\u00f1ana de este lunes. El l\u00edder de la oposici\u00f3n ha subrayado que la fecha de los pr\u00f3ximos comicios es una oportunidad para hacer las cosas de madera distinta y recuperar los \u00abderechos perdidos\u00bb durante la legislatura de Mariano Rajoy. El secretario general del PSOE ha hecho especial hincapi\u00e9 en propuestas de car\u00e1cter social tales como reformar el estatuto de los trabajadores o aprobar una asignaci\u00f3n \u00abm\u00ednima vital\u00bb para los hogares que no tengan ning\u00fan tipo de ingreso, y ha querido dejar claro que el suyo es\u00a0un \u00abproyecto riguroso de izquierdas\u00bb.<\/p>\n<p>Respecto a la posibilidad de alianzas si no obtienen la mayor\u00eda necesaria para gobernar tras el 20 de diciembre, S\u00e1nchez ha afirmado que no pactar\u00e1 con las siglas de un partido, sino con sus pol\u00edticas. El secretario general del PSOE ha a\u00f1adido que con Albert Rivera tiene en com\u00fan la regeneraci\u00f3n democr\u00e1tica, pero no est\u00e1 de acuerdo con el copago asistencial que propone el l\u00edder Ciudadanos.Respecto a Pablo Iglesias, ha manifestado que coinciden en la lucha por acabar con la desigualdad, pero no en otro tipo de medidas que defiende Podemos, como la nacionalizaci\u00f3n del sector el\u00e9ctrico.<\/p>\n<p>El secretario general del PSOE ha hecho un repaso a las reformas fiscales que pretende aplicar si llega a ser presidente del Gobierno. S\u00e1nchez propone subir los impuestos a las grandes empresas, homogeneizar el impuesto de sucesiones y donaciones y endurecer la persecuci\u00f3n contra el fraude. Con estas medidas estiman reducir el d\u00e9ficit al 1% del PIB al final de la pr\u00f3xima legislatura, con unos ingresos de 25.000 millones de euros adicionales en 2019.<\/p>\n<p>El l\u00edder de la oposici\u00f3n ha asegurado, adem\u00e1s, que su partido va a ganar las elecciones generales: \u00abEl partido socialista es el \u00fanico que puede ganar. Ganaremos a las dos derechas: a la de Rivera y a la de Rajoy\u00bb.<\/p>\n","protected":false},"excerpt":{"rendered":"<p>El secretario general del PSOE, Pedro S\u00e1nchez, ha reivindicado su programa electoral este lunes, en el mismo d\u00eda en que el presidente del Gobierno, Mariano Rajoy, convoca de manera oficial los comicios generales del pr\u00f3ximo 20 de diciembre. Ante la fecha de las urnas, S\u00e1nchez ha manifestado que \u00ablleg\u00f3 el momento de hacer algo, no [&hellip;]<\/p>\n","protected":false},"author":4,"featured_media":29932,"comment_status":"open","ping_status":"open","sticky":false,"template":"","format":"standard","meta":{"footnotes":""},"categories":[85,43],"tags":[],"class_list":["post-29931","post","type-post","status-publish","format-standard","has-post-thumbnail","hentry","category-espana","category-politica"],"_links":{"self":[{"href":"https:\/\/2horizontes.com\/index.php?rest_route=\/wp\/v2\/posts\/29931","targetHints":{"allow":["GET"]}}],"collection":[{"href":"https:\/\/2horizontes.com\/index.php?rest_route=\/wp\/v2\/posts"}],"about":[{"href":"https:\/\/2horizontes.com\/index.php?rest_route=\/wp\/v2\/types\/post"}],"author":[{"embeddable":true,"href":"https:\/\/2horizontes.com\/index.php?rest_route=\/wp\/v2\/users\/4"}],"replies":[{"embeddable":true,"href":"https:\/\/2horizontes.com\/index.php?rest_route=%2Fwp%2Fv2%2Fcomments&post=29931"}],"version-history":[{"count":1,"href":"https:\/\/2horizontes.com\/index.php?rest_route=\/wp\/v2\/posts\/29931\/revisions"}],"predecessor-version":[{"id":29933,"href":"https:\/\/2horizontes.com\/index.php?rest_route=\/wp\/v2\/posts\/29931\/revisions\/29933"}],"wp:featuredmedia":[{"embeddable":true,"href":"https:\/\/2horizontes.com\/index.php?rest_route=\/wp\/v2\/media\/29932"}],"wp:attachment":[{"href":"https:\/\/2horizontes.com\/index.php?rest_route=%2Fwp%2Fv2%2Fmedia&parent=29931"}],"wp:term":[{"taxonomy":"category","embeddable":true,"href":"https:\/\/2horizontes.com\/index.php?rest_route=%2Fwp%2Fv2%2Fcategories&post=29931"},{"taxonomy":"post_tag","embeddable":true,"href":"https:\/\/2horizontes.com\/index.php?rest_route=%2Fwp%2Fv2%2Ftags&post=29931"}],"curies":[{"name":"wp","href":"https:\/\/api.w.org\/{rel}","templated":true}]}}