{"id":29911,"date":"2015-10-26T14:38:45","date_gmt":"2015-10-26T13:38:45","guid":{"rendered":"http:\/\/2horizontes.com\/?p=29911"},"modified":"2015-10-26T14:38:45","modified_gmt":"2015-10-26T13:38:45","slug":"forcadell-presidenta-del-parlamento-catalan-con-apoyos-de-podemos","status":"publish","type":"post","link":"https:\/\/2horizontes.com\/?p=29911","title":{"rendered":"Forcadell, presidenta del Parlamento catal\u00e1n con apoyos de Podemos"},"content":{"rendered":"<p class=\"Cuerpo\">Carme Forcadell, diputada de la candidatura soberanista Junts pel S\u00ed, ha sido elegida este jueves por la ma\u00f1ana presidenta del Parlament de Catalu\u00f1a con 77 votos a favor de los 135 que constituyen la c\u00e1mara. La expresidenta de la Asamblea Nacional Catalana ha logrado los votos de los 62 diputados de la lista de la que formaba parte, los diez de la CUP y otros cinco diputados m\u00e1s de la candidatura Catalunya S\u00ed que es Pot, entre los que hay su l\u00edder Llu\u00eds Rabell. Los parlamentarios de Ciutadans, PSC, PP y el resto de diputados Catalunya S\u00ed que es Pot han optado por votar en blanco (no se puede votar en contra). Ha habido un voto nulo.<\/p>\n<div id=\"sumario_1|apoyos\" class=\"derecha\"><a name=\"sumario_1\"><\/a><\/div>\n<p class=\"Cuerpo\">En su primer discurso como presidenta, Forcadell ha prometido trabajar para que Catalu\u00f1a deje de tener \u00abun Parlament regional\u00bb y pase a tener una c\u00e1mara \u00absoberana, con plenas competencias\u00bb. \u00abCerramos la etapa auton\u00f3mica y seamos conscientes de que estamos en un momento fundacional\u00bb, ha a\u00f1adido Forcadell, antes de recordar que \u00abel Parlament quiere representar a un pueblo libre\u00bb. La presidenta ha mostrado una reproducci\u00f3n de las \u00faltimas constituciones catalanas y ha anunciado su deseo de \u00abrecuperarlas\u00bb y trabajar \u00abpensando en los 300 a\u00f1os pr\u00f3ximos y nos los pasados\u00bb.<\/p>\n<p>Antes de este alegato independentista, Forcadell ha prometido que la c\u00e1mara \u00abestar\u00e1 al servicio de la ciudadan\u00eda, voten lo que voten o hablen como hablen\u00bb. En esa l\u00ednea ha prometido \u00abun Parlament sin exclusiones\u00bb y ha tendido la mano al PP, ausente de la Mesa de la c\u00e1mara, al que ha dicho que invitar\u00e1 a estar presente en esas reuniones, \u00abcon voz, pero sin voto\u00bb.<\/p>\n<p>En otro momento ha clamado para que se aprueben leyes que ayuden a combatir las desigualdades sociales, para que el comportamiento de la c\u00e1mara y los diputados sea de austeridad y para \u00ababrir las ventanas para que entren los anhelos de los ciudadanos\u00bb.<\/p>\n<p>Forcadell ha citado al escritor uruguayo Eduardo Galeano para asegurar que \u00abla utop\u00eda sirve para caminar\u00bb y ha acabado su discurso con vivas a \u00abla democracia, el pueblo soberano y la rep\u00fablica catalana\u00bb. Los diputados independentistas, situados en la banda izquierda de la c\u00e1mara se han puesto en pie con una cerrada ovaci\u00f3n, mientras que el resto de parlamentarios han permanecido sentados.<\/p>\n<p class=\"Cuerpo\">La sesi\u00f3n se ha iniciado con la constituci\u00f3n de la Mesa de edad que ha presidido el diputado de la CUP de m\u00e1s edad, Juli\u00e0 de J\u00f2dar, de 72 a\u00f1os, as\u00ed como los parlamentarios m\u00e1s j\u00f3venes: Gerard G\u00f3mez del Moral, de Junts pel S\u00ed, y Joan Giner, de Catalunya S\u00ed que es Pot. J\u00f2dar ha iniciado la sesi\u00f3n reclamando un minuto de silencio en recuerdo del exdiputado de Esquerra Unida i Alternativa Jordi Miralles, fallecido hace unos d\u00edas.<\/p>\n<p class=\"Cuerpo\">La elecci\u00f3n del vicepresidente primero de la c\u00e1mara tampoco ha deparado sorpresas y se ha impuesto la mayor\u00eda independentista. De esta manera, ha sido elegido por 66 votos, Llu\u00eds Corominas, veterano dirigente de Converg\u00e8ncia, que en la anterior legislatura fue vicepresidente segundo.<\/p>\n<p class=\"Cuerpo\">Corominas ha logrado 66 votos a favor, procedentes tambi\u00e9n de Junts pel S\u00ed y la CUP. Ha habido ocho votos nulos y cinco en blanco. La oposici\u00f3n ha votado en bloque a Jos\u00e9 Mar\u00eda Espejo, de Ciutadans, que ha logrado 56 papeletas y ha quedado proclamado vicepresidente segundo.<\/p>\n<p class=\"Cuerpo\">Para la designaci\u00f3n de los cuatro secretarios de la Mesa tampoco ha habido sorpresas y se ha respetado el acuerdo entre los partidos. De esta manera, han sido elegidos, por es orden, Anna Sim\u00f3 (Junts pel S\u00ed), David P\u00e9rez (PSC), Joan Josep Nuet (Catalunya S\u00ed que es Pot) y Ramona Barrufet (Junts pel S\u00ed). Entre estos dos \u00faltimos se ha producido un empate y Jordi Turull, portavoz de CiU en la anterior legislatura ha tomado la palabra para explicar que respetaban el acuerdo pactado y que ced\u00edan el cargo a Nuet para evitar una nueva votaci\u00f3n.<\/p>\n<p class=\"Cuerpo\">Por primera vez desde 1995, el PP ha quedado fuera de la Mesa del Parlament. Su exclusi\u00f3n ha disgustado a los populares que consideran que el \u00f3rgano de gobierno de la C\u00e1mara no refleja la pluralidad del hemiciclo. Fuentes del PP han se\u00f1alado esta ma\u00f1ana que Junts pel S\u00ed no les dio opci\u00f3n a negociar y han lamentado que la coalici\u00f3n mayoritaria ofreciera un puesto a la CUP, que esta rechaz\u00f3.\u201cNo es que hayan cedido el lugar a Junts pel S\u00ed. Es que a la CUP no les correspond\u00eda\u201d, ha afirmado un diputado popular en alusi\u00f3n a que el PP suma 11 esca\u00f1os mientras la plataforma anticapitalista, 10. Con todo, Forcadell ha invitado en su discurso a todos los grupos a participar en las reuniones de la Mesa, aunque solo lo pueden hacer con voz, no con voto, seg\u00fan marca la ley.<\/p>\n<p class=\"Cuerpo\">La sesi\u00f3n se ha celebrado en medio de una gran expectaci\u00f3n que ha convertido por momentos los pasillos del Parlament en un inmenso plat\u00f3 de televisi\u00f3n en que se han celebrado programas en directo de radio y televisi\u00f3n y donde se han formado constantes corrillos para entrevistar a los nuevos diputados. Juli\u00e0 de J\u00f2dar, de la CUP, ha presidido la Mesa por ser el diputado de mayor de edad y ha resaltado que el azar ha querido que su partido tuviera que dirigir la sesi\u00f3n cuando no ha querido formar parte del \u00f3rgano de gobierno de la c\u00e1mara.<\/p>\n<p class=\"Cuerpo\">En un tono solemne, el escritor ha recordado que su militancia independentista se remonta a tiempos del franquismo y ha relatado el recorrido de muchos secesionistas que combatieron la Constituci\u00f3n por no ser rupturista ni surgir de abajo arriba y el Estatuto de Sau. \u201cEsta instituci\u00f3n est\u00e1 inscrita en un orden jur\u00eddico-pol\u00edtico que le niega la capacidad para realizar el mandato popular. Tenemos la mayor\u00eda y la legitimidad moral. No nos contenta el pienso: queremos salir de la jaula y huir\u201d, ha afirmado De J\u00f2dar que ha denunciado las \u201cdesigualdades vergonzosas\u201d que afectan a la sociedad, ha afirmado. \u201cCon los pobres no se deben hacer experimentos. Son ellos los que tienen que tener el control. Son tiempos de libertad y de justicia\u00bb.<\/p>\n","protected":false},"excerpt":{"rendered":"<p>Carme Forcadell, diputada de la candidatura soberanista Junts pel S\u00ed, ha sido elegida este jueves por la ma\u00f1ana presidenta del Parlament de Catalu\u00f1a con 77 votos a favor de los 135 que constituyen la c\u00e1mara. La expresidenta de la Asamblea Nacional Catalana ha logrado los votos de los 62 diputados de la lista de la [&hellip;]<\/p>\n","protected":false},"author":4,"featured_media":29913,"comment_status":"open","ping_status":"open","sticky":false,"template":"","format":"standard","meta":{"footnotes":""},"categories":[85,43],"tags":[],"class_list":["post-29911","post","type-post","status-publish","format-standard","has-post-thumbnail","hentry","category-espana","category-politica"],"_links":{"self":[{"href":"https:\/\/2horizontes.com\/index.php?rest_route=\/wp\/v2\/posts\/29911","targetHints":{"allow":["GET"]}}],"collection":[{"href":"https:\/\/2horizontes.com\/index.php?rest_route=\/wp\/v2\/posts"}],"about":[{"href":"https:\/\/2horizontes.com\/index.php?rest_route=\/wp\/v2\/types\/post"}],"author":[{"embeddable":true,"href":"https:\/\/2horizontes.com\/index.php?rest_route=\/wp\/v2\/users\/4"}],"replies":[{"embeddable":true,"href":"https:\/\/2horizontes.com\/index.php?rest_route=%2Fwp%2Fv2%2Fcomments&post=29911"}],"version-history":[{"count":1,"href":"https:\/\/2horizontes.com\/index.php?rest_route=\/wp\/v2\/posts\/29911\/revisions"}],"predecessor-version":[{"id":29914,"href":"https:\/\/2horizontes.com\/index.php?rest_route=\/wp\/v2\/posts\/29911\/revisions\/29914"}],"wp:featuredmedia":[{"embeddable":true,"href":"https:\/\/2horizontes.com\/index.php?rest_route=\/wp\/v2\/media\/29913"}],"wp:attachment":[{"href":"https:\/\/2horizontes.com\/index.php?rest_route=%2Fwp%2Fv2%2Fmedia&parent=29911"}],"wp:term":[{"taxonomy":"category","embeddable":true,"href":"https:\/\/2horizontes.com\/index.php?rest_route=%2Fwp%2Fv2%2Fcategories&post=29911"},{"taxonomy":"post_tag","embeddable":true,"href":"https:\/\/2horizontes.com\/index.php?rest_route=%2Fwp%2Fv2%2Ftags&post=29911"}],"curies":[{"name":"wp","href":"https:\/\/api.w.org\/{rel}","templated":true}]}}