{"id":29908,"date":"2015-10-26T14:28:42","date_gmt":"2015-10-26T13:28:42","guid":{"rendered":"http:\/\/2horizontes.com\/?p=29908"},"modified":"2015-10-26T14:28:42","modified_gmt":"2015-10-26T13:28:42","slug":"mauricio-macri-el-opositor-que-forzo-al-kirchnerismo-a-disputar-una-segunda-vuelta-en-argentina","status":"publish","type":"post","link":"https:\/\/2horizontes.com\/?p=29908","title":{"rendered":"Mauricio Macri, el opositor que forz\u00f3 al kirchnerismo a disputar una segunda vuelta en Argentina"},"content":{"rendered":"<p class=\"story-body__introduction\">Si algo qued\u00f3 claro de las elecciones presidenciales de este domingo en Argentina es que su desenlace fue inesperado tanto para el oficialismo como para la oposici\u00f3n.<\/p>\n<p>Ninguna encuesta pronostic\u00f3 el ajustad\u00edsimo resultado de los comicios, que tendr\u00e1n que resolverse con una segunda vuelta o balotaje el 22 de noviembre.<\/p>\n<p>La mayor sorpresa de la jornada, que impact\u00f3 hasta al propio protagonista a juzgar por su rostro, fue el resultado del candidato opositor, Mauricio Macri, quien pr\u00e1cticamente empat\u00f3 con el oficialista y \u2013hasta que aparecieron los primeros resultados, tambi\u00e9n el favorito- Daniel Scioli con cerca del 35% de los votos.<\/p>\n<p>Lee tambi\u00e9n: Segunda vuelta en Argentina entre Scioli y Macri<\/p>\n<p>Los datos oficiales tardaron tanto en llegar que muchos argentinos se fueron a dormir pensando que el panorama argentino ser\u00eda al despertar el mismo que hab\u00edan dejado durante la noche.<\/p>\n<p>Pero este lunes, Argentina arranca una de las campa\u00f1as por la presidencia m\u00e1s re\u00f1idas de su historia, con un oficialismo duramente golpeado por unos resultados que nadie predijo.<\/p>\n<p>Con la p\u00e9rdida de su principal basti\u00f3n, la provincia de Buenos Aires, que ahora pasar\u00e1 a manos de una joven candidata no peronista.<\/p>\n<p>Y con un hombre, el alcalde de la capital del pa\u00eds, que como l\u00edder de una coalici\u00f3n de partidos no peronistas puede frenar al candidato de la presidenta, Cristina Fern\u00e1ndez de Kirchner, en sus aspiraciones para llegar a la Casa Rosada.<\/p>\n<h2 class=\"story-body__crosshead\">El millonario de \u00abCambiemos\u00bb<\/h2>\n<figure class=\"media-landscape has-caption full-width\"><span class=\"image-and-copyright-container\"><img loading=\"lazy\" decoding=\"async\" class=\"js-image-replace\" src=\"http:\/\/ichef.bbci.co.uk\/news\/ws\/624\/amz\/worldservice\/live\/assets\/images\/2015\/10\/23\/151023020143_sp_estatua_peron_624x415_reuters_nocredit.jpg\" alt=\"Monumento a Per\u00f3n\" width=\"624\" height=\"415\" \/><span class=\"off-screen\">Image copyright<\/span><span class=\"story-image-copyright\">Reuters<\/span><\/span><figcaption class=\"media-caption\"><span class=\"off-screen\">Image caption<\/span><span class=\"media-caption__text\">Macri inaugur\u00f3 recientemente un monumento a Per\u00f3n, gesto que fue interpretado como un gui\u00f1o al votante peronista.<\/span><\/figcaption><\/figure>\n<p>Mauricio Macri, de 56 a\u00f1os, se ha convertido en el mayor dolor de cabeza para el kirchnerista Frente para la Victoria.<\/p>\n<p>El jefe de gobierno de la ciudad de Buenos Aires desde 2007 es el l\u00edder de Propuesta Republicana o PRO, un partido nacido tras la crisis de 2001 que uni\u00f3 a pol\u00edticos de centro-derecha y j\u00f3venes profesionales que antes no hab\u00edan tenido experiencia en campa\u00f1as, como proyecto para renovar la pol\u00edtica nacional.<\/p>\n<p>Macri lidera una alianza de partidos no peronistas \u2013Cambiemos-, que incluye a la hist\u00f3rica Uni\u00f3n C\u00edvica Radical, a los liberales de la Coalici\u00f3n C\u00edvica y a su propio grupo, con el fin de hacer un frente electoral com\u00fan que plante cara al kirchnerismo, que controla buena parte del poder ejecutivo y legislativo en el pa\u00eds.<\/p>\n<p>El candidato presidencial es hijo de uno de los empresarios m\u00e1s exitosos del pa\u00eds, Franco Macri, que curiosamente se ha alineado en ocasiones con el kirchnerismo.<\/p>\n<p>A los 24 a\u00f1os ya hac\u00eda negocios con los m\u00e1s ricos del mundo, entre ellos con el magnate y ahora aspirante presidencial estadounidense Donald Trump.<\/p>\n<p>Pero en su carrera por la presidencia, Macri ha intentado distanciarse de la imagen de millonario alejado de la realidad con la que el oficialismo suele retratarle.<\/p>\n<p>Ha hecho buena parte de su campa\u00f1a en zonas humildes de la provincia de Buenos Aires y en otras partes del pa\u00eds, donde ha tejido una red de militantes gracias a los acuerdos con los radicales y otras formaciones locales.<\/p>\n<p>___________________<\/p>\n<h2 class=\"story-body__crosshead\">5 DATOS SOBRE MAURICIO MACRI<\/h2>\n<figure class=\"media-landscape has-caption full-width\"><span class=\"image-and-copyright-container\"><img loading=\"lazy\" decoding=\"async\" class=\"js-image-replace\" src=\"http:\/\/ichef.bbci.co.uk\/news\/ws\/624\/amz\/worldservice\/live\/assets\/images\/2015\/10\/07\/151007164325_peronismo_macri_afp_624.gif\" alt=\"Mauricio Macri\" width=\"624\" height=\"351\" \/><span class=\"off-screen\">Image copyright<\/span><span class=\"story-image-copyright\">AFP<\/span><\/span><figcaption class=\"media-caption\"><span class=\"off-screen\">Image caption<\/span><span class=\"media-caption__text\">Macri es alcalde de Buenos Aires desde 2007<\/span><\/figcaption><\/figure>\n<p>\u2022 En 1991 sufri\u00f3 un secuestro y permaneci\u00f3 en cautiverio durante 12 d\u00edas, hasta que se pag\u00f3 un rescate millonario.<\/p>\n<p>\u2022 El ingeniero de 56 a\u00f1os viene de una familia acaudalada de empresarios y se volc\u00f3 a la pol\u00edtica en 2003.<\/p>\n<p>\u2022 Dos a\u00f1os m\u00e1s tarde cre\u00f3 el partido Propuesta Republicana (PRO), al que represent\u00f3 como diputado entre 2005 y 2007.<\/p>\n<p>\u2022 Macri ya era una figura conocida en Argentina por haber sido presidente de Boca Juniors, el club m\u00e1s popular del pa\u00eds, desde 1995 hasta 2008.<\/p>\n<p>\u2022 Su esposa, Juliana Awada, es una conocida empresaria de la moda que posee varias cadenas de tiendas.<\/p>\n<p>___________________<\/p>\n<figure class=\"media-landscape has-caption body-narrow-width\"><span class=\"image-and-copyright-container\"><img loading=\"lazy\" decoding=\"async\" class=\"js-image-replace alignleft\" src=\"http:\/\/ichef-1.bbci.co.uk\/news\/ws\/304\/amz\/worldservice\/live\/assets\/images\/2013\/07\/01\/130701211717_escuchas_macri_cfk_reuters_304.gif\" alt=\"Mauricio Macri y Cristina Fern\u00e1ndez\" width=\"304\" height=\"171\" \/><\/span>\u00bfVencer\u00e1 Macri a Scioli para suceder a Cristina Fern\u00e1ndez?<\/figure>\n<p>Adem\u00e1s, consciente de que tendr\u00e1 que conquistar el voto de sectores que tradicionalmente no le han votado, Macri coquete\u00f3 con el peronismo, alabando las pol\u00edticas de justicia social de Juan Domingo Per\u00f3n y Evita en los a\u00f1os 40.<\/p>\n<p>Ha anunciado importantes proyectos de infraestructura y prometi\u00f3 mantener y mejorar algunos de los programas sociales m\u00e1s exitosos de Cristina Fern\u00e1ndez, as\u00ed como la titularidad p\u00fablica de empresas renacionalizadas bajo el kirchnerismo, como la energ\u00e9tica YPF y Aerol\u00edneas Argentinas.<\/p>\n<p>Pero tambi\u00e9n anunci\u00f3 reformas dr\u00e1sticas para impulsar la confianza de los inversores en Argentina, como poner fin a las restricciones cambiarias, establecer un nuevo sistema de estad\u00edsticas econ\u00f3micas confiables o frenar la ca\u00edda de reservas del banco central.<\/p>\n<p>El oficialismo le presenta como el candidato del ajuste y le vincula a las pol\u00edticas neoliberales de los a\u00f1os 90 en Argentina, un fantasma que hoy a muchos argentinos les suena a desempleo, freno a la industria nacional y recortes en servicios sociales.<\/p>\n<p>Y desde el kirchnerismo recuerdan que Macri est\u00e1 procesado por una causa de escuchas ilegales.<\/p>\n<h2 class=\"story-body__crosshead\">La provincia<\/h2>\n<figure class=\"media-landscape has-caption full-width\"><span class=\"image-and-copyright-container\"><img loading=\"lazy\" decoding=\"async\" class=\"js-image-replace\" src=\"http:\/\/ichef.bbci.co.uk\/news\/ws\/624\/amz\/worldservice\/live\/assets\/images\/2015\/10\/25\/151025001215_sp_argentina_muro_eleicoes_624x415_ap_nocredit.jpg\" alt=\"Carteles electorales\" width=\"624\" height=\"415\" \/><span class=\"off-screen\">Image copyright<\/span><span class=\"story-image-copyright\">AP<\/span><\/span><figcaption class=\"media-caption\"><span class=\"off-screen\">Image caption<\/span><span class=\"media-caption__text\">La gran batalla por la presidencia est\u00e1 ahora m\u00e1s ajustada que nunca.<\/span><\/figcaption><\/figure>\n<p>Sin embargo, Macri cuenta ahora con un apoyo inesperado hace s\u00f3lo unos meses para sobreponerse m\u00e1s r\u00e1pido de las cr\u00edticas.<\/p>\n<p>Este pol\u00edtico, que hab\u00eda logrado amasar una enorme popularidad en la capital pero que sufri\u00f3 para ser conocido m\u00e1s all\u00e1 de Buenos Aires, tendr\u00e1 una aliada en el territorio m\u00e1s importante del pa\u00eds.<\/p>\n<p>Su n\u00famero dos en la alcald\u00eda de Buenos Aires, Maria Eugenia Vidal, se convertir\u00e1 en gobernadora de la provincia de Buenos Aires tras vencer en las elecciones a la mano derecha de la presidenta, el jefe de gabinete An\u00edbal Fern\u00e1ndez.<\/p>\n<p>Vidal asumir\u00e1 el control de un basti\u00f3n peronista donde vive gran parte de la poblaci\u00f3n del pa\u00eds \u2013m\u00e1s de 16 millones-, con enormes recursos p\u00fablicos y con enormes niveles de exposici\u00f3n medi\u00e1tica, ya que se trata de uno de los cargos pol\u00edticos m\u00e1s importantes del pa\u00eds.<\/p>\n<p>El triunfo de esta mujer sobre uno de los pol\u00edticos m\u00e1s experimentados del kirchnerismo fue un golpe especialmente amargo para el oficialismo en la jornada electoral, porque el actual gobernador de Buenos Aires es precisamente Daniel Scioli, el rival de Macri.<\/p>\n<p>El alcalde cuenta tambi\u00e9n con el respaldo de figuras opositoras de renombre en Argentina, como la legisladora Elisa Carri\u00f3, una extravagante pol\u00edtica a la que muchos antikirchneristas adoran por sus denuncias sobre corrupci\u00f3n en el seno del oficialismo.<\/p>\n<p>O Ernesto Sanz, l\u00edder de los radicales, un grupo pol\u00edtico de tradici\u00f3n hist\u00f3rica que hoy pasa por horas bajas pero que todav\u00eda conserva una potente estructura territorial fuera de la capital.<\/p>\n<p>Mauricio Macri es para muchos argentinos un motivo de esperanza. Para otros, de desconfianza o temor.<\/p>\n<p>Pero en cuesti\u00f3n de horas se ha consolidado como un actor decisivo de la pol\u00edtca de Argentina, un pa\u00eds que se mantendr\u00e1 en vilo hasta el pr\u00f3ximo 22 de noviembre.<\/p>\n","protected":false},"excerpt":{"rendered":"<p>Si algo qued\u00f3 claro de las elecciones presidenciales de este domingo en Argentina es que su desenlace fue inesperado tanto para el oficialismo como para la oposici\u00f3n. Ninguna encuesta pronostic\u00f3 el ajustad\u00edsimo resultado de los comicios, que tendr\u00e1n que resolverse con una segunda vuelta o balotaje el 22 de noviembre. La mayor sorpresa de la [&hellip;]<\/p>\n","protected":false},"author":4,"featured_media":29909,"comment_status":"open","ping_status":"open","sticky":false,"template":"","format":"standard","meta":{"footnotes":""},"categories":[43],"tags":[],"class_list":["post-29908","post","type-post","status-publish","format-standard","has-post-thumbnail","hentry","category-politica"],"_links":{"self":[{"href":"https:\/\/2horizontes.com\/index.php?rest_route=\/wp\/v2\/posts\/29908","targetHints":{"allow":["GET"]}}],"collection":[{"href":"https:\/\/2horizontes.com\/index.php?rest_route=\/wp\/v2\/posts"}],"about":[{"href":"https:\/\/2horizontes.com\/index.php?rest_route=\/wp\/v2\/types\/post"}],"author":[{"embeddable":true,"href":"https:\/\/2horizontes.com\/index.php?rest_route=\/wp\/v2\/users\/4"}],"replies":[{"embeddable":true,"href":"https:\/\/2horizontes.com\/index.php?rest_route=%2Fwp%2Fv2%2Fcomments&post=29908"}],"version-history":[{"count":1,"href":"https:\/\/2horizontes.com\/index.php?rest_route=\/wp\/v2\/posts\/29908\/revisions"}],"predecessor-version":[{"id":29910,"href":"https:\/\/2horizontes.com\/index.php?rest_route=\/wp\/v2\/posts\/29908\/revisions\/29910"}],"wp:featuredmedia":[{"embeddable":true,"href":"https:\/\/2horizontes.com\/index.php?rest_route=\/wp\/v2\/media\/29909"}],"wp:attachment":[{"href":"https:\/\/2horizontes.com\/index.php?rest_route=%2Fwp%2Fv2%2Fmedia&parent=29908"}],"wp:term":[{"taxonomy":"category","embeddable":true,"href":"https:\/\/2horizontes.com\/index.php?rest_route=%2Fwp%2Fv2%2Fcategories&post=29908"},{"taxonomy":"post_tag","embeddable":true,"href":"https:\/\/2horizontes.com\/index.php?rest_route=%2Fwp%2Fv2%2Ftags&post=29908"}],"curies":[{"name":"wp","href":"https:\/\/api.w.org\/{rel}","templated":true}]}}