{"id":29905,"date":"2015-10-26T14:15:53","date_gmt":"2015-10-26T13:15:53","guid":{"rendered":"http:\/\/2horizontes.com\/?p=29905"},"modified":"2015-10-26T14:15:53","modified_gmt":"2015-10-26T13:15:53","slug":"los-pueblos-de-mexico-donde-toco-tierra-patricia-el-huracan-mas-poderoso-de-la-historia","status":"publish","type":"post","link":"https:\/\/2horizontes.com\/?p=29905","title":{"rendered":"Los pueblos de M\u00e9xico donde toc\u00f3 tierra Patricia, \u00abel hurac\u00e1n m\u00e1s poderoso de la historia\u00bb"},"content":{"rendered":"<figure class=\"media-landscape has-caption full-width lead\"><span class=\"image-and-copyright-container\"><img loading=\"lazy\" decoding=\"async\" class=\"js-image-replace\" src=\"http:\/\/ichef-1.bbci.co.uk\/news\/ws\/660\/amz\/worldservice\/live\/assets\/images\/2015\/10\/25\/151025024912_huracan_patricia_mexico_platanales_jalisco_colima_credit_624x351.jpg\" alt=\"Soldado vigila platanales afectados por el hurac\u00e1n Patricia en costas de Jalisco, M\u00e9xico. Foto: AFP\/Getty\" width=\"624\" height=\"351\" \/><\/span><figcaption class=\"media-caption\"><span class=\"media-caption__text\">El hurac\u00e1n Patricia afect\u00f3 cosechas en la regi\u00f3n costera de Jalisco.<\/span><\/figcaption><\/figure>\n<p class=\"story-body__introduction\">Antes de que el hurac\u00e1n Patricia tocara tierra, el viento empez\u00f3 a comportarse de forma extra\u00f1a: primero dej\u00f3 de soplar desde el mar, luego cambi\u00f3 de nuevo de direcci\u00f3n y despu\u00e9s se qued\u00f3 quieto por unos minutos.<\/p>\n<p>Fue la se\u00f1al para que la gente de Emiliano Zapata, una comunidad con menos de 200 habitantes en la costa sur de Jalisco, se encerrara en sus casas.<\/p>\n<p><strong>\u00abSe solt\u00f3 el demonio, empez\u00f3 a tirar palos y quebr\u00f3 el poste de luz\u00bb<\/strong>, le cuenta a BBC Mundo Rafael Espinoza, quien escuchaba asustado desde el fondo de su casa.<\/p>\n<p>Su vecino Rodrigo Corona logr\u00f3 asomarse por entre las tablas con las que asegur\u00f3 una ventana.<\/p>\n<p>\u00abDe repente el viento pegaba fuerte, se calmaba y se ven\u00eda m\u00e1s recio. Fue cuando tron\u00f3 el poste\u00bb, le dice a BBC Mundo.<\/p>\n<p>Lea tambi\u00e9n: As\u00ed qued\u00f3 M\u00e9xico tras el paso del hurac\u00e1n Patricia, el m\u00e1s potente de su historia<\/p>\n<p>Emiliano Zapata est\u00e1 en la regi\u00f3n donde el ojo del hurac\u00e1n entr\u00f3 al continente, una franja costera en los l\u00edmites entre Jalisco y Colima.<\/p>\n<p>Patricia lleg\u00f3 todav\u00eda como un hurac\u00e1n de categor\u00eda 5 en la escala Saffir Simpson, con vientos mayores a 300 kil\u00f3metros por hora.<\/p>\n<p>&nbsp;<\/p>\n<div class=\"media-player-wrapper\"><\/div>\n<p><strong>Las huellas de su paso se notan a lo largo de la carretera: \u00e1rboles derribados, platanales anegados, algunas casas sin techo.<\/strong><\/p>\n<p>Seg\u00fan las autoridades, al igual que ocurri\u00f3 con el resto de la regi\u00f3n costera donde se present\u00f3 el fen\u00f3meno, los da\u00f1os resultaron menores a los esperados.<\/p>\n<p>Pero quienes habitan los pueblos donde toc\u00f3 primero el hurac\u00e1n no est\u00e1n de acuerdo con esa idea.<\/p>\n<h2 class=\"story-body__crosshead\">\u00abMi casa estaba m\u00e1s expuesta\u00bb<\/h2>\n<p>BBC Mundo visit\u00f3 parte de la regi\u00f3n por donde entr\u00f3 al continente el fen\u00f3meno que, hasta el viernes 23 de octubre, era considerado como el m\u00e1s peligroso de la historia en el continente.<\/p>\n<figure class=\"media-landscape has-caption full-width\"><span class=\"image-and-copyright-container\"><img loading=\"lazy\" decoding=\"async\" class=\"js-image-replace\" src=\"http:\/\/ichef.bbci.co.uk\/news\/ws\/624\/amz\/worldservice\/live\/assets\/images\/2015\/10\/25\/151025021549_huracan_patricia_jalisco_mexico_emiliano_zapata_bbc_624x351.jpg\" alt=\"Antonio Espinoza, vecino del pueblo Emiliano Zapata\" width=\"624\" height=\"351\" \/><\/span><figcaption class=\"media-caption\"><span class=\"off-screen\">Image caption<\/span><span class=\"media-caption__text\">Antonio Espinoza cree que su casa estaba desprotegida ante el hurac\u00e1n.<\/span><\/figcaption><\/figure>\n<p>No s\u00f3lo por la velocidad de sus vientos sino por su extensi\u00f3n, que por momentos super\u00f3 los 1.000 kil\u00f3metros.<\/p>\n<p><strong>En Colima, Jalisco y Nayarit las autoridades encendieron la alerta y pidieron a la poblaci\u00f3n no salir de sus casas cuando el fen\u00f3meno tocara tierra.<\/strong><\/p>\n<p>Miles de turistas fueron evacuados de los balnearios de Manzanillo y Puerto Vallarta.<\/p>\n<p>Los que se quedaron se abastecieron de comida y agua, tapiaron ventanas y reforzaron puertas como en Emiliano Zapata.<\/p>\n<p>Algo que a la familia de Antonio Espinoza no le sirvi\u00f3 mucho. El viento que quebr\u00f3 el poste de luz se llev\u00f3 el techo de su cocina, pero la casa de al lado la dej\u00f3 intacta.<\/p>\n<figure class=\"media-landscape has-caption full-width\"><span class=\"image-and-copyright-container\"><img loading=\"lazy\" decoding=\"async\" class=\"js-image-replace\" src=\"http:\/\/ichef.bbci.co.uk\/news\/ws\/624\/amz\/worldservice\/live\/assets\/images\/2015\/10\/25\/151025053624_sp_melaque_mexico_624x351_reuters_nocredit.jpg\" alt=\"Melaque, M\u00e9xico\" width=\"624\" height=\"351\" \/>Los vecinos directamente afectados por Patricia no est\u00e1n de acuerdo en que los da\u00f1os hayan sido menores.<\/span><\/figure>\n<p>\u00abDebe ser porque la del vecino est\u00e1 m\u00e1s protegida por el cerro y la m\u00eda est\u00e1 m\u00e1s expuesta\u00bb, le explica a BBC Mundo.<\/p>\n<p>Su esposa Irene dice que no tienen m\u00e1s alternativa que buscar con qu\u00e9 cubrir los platos, vasos y comida, apilados en una mesa hecha de concreto.<\/p>\n<p>\u00abEsta s\u00ed se salv\u00f3, pero fue de lo poquito que no se llev\u00f3 el aire\u00bb, dice.<\/p>\n<h2 class=\"story-body__crosshead\">\u00abEsta vez s\u00ed me dio miedo\u00bb<\/h2>\n<p>En otros pueblos como Venustiano Carranza, en el municipio de Manzanillo, se protegieron como siempre lo han hecho: con lo que ten\u00edan a mano, le dice a BBC Mundo Felipe Ruiz, propietario de una farmacia.<\/p>\n<figure class=\"media-landscape has-caption body-narrow-width\"><span class=\"image-and-copyright-container\"><img loading=\"lazy\" decoding=\"async\" class=\"js-image-replace alignleft\" src=\"http:\/\/ichef.bbci.co.uk\/news\/ws\/304\/amz\/worldservice\/live\/assets\/images\/2015\/10\/23\/151023150051_mexico_huracan_patricia_304x171_reuters.jpg\" alt=\"Imagen del hurac\u00e1n Patricia en M\u00e9xico\" width=\"304\" height=\"171\" \/><\/span><figcaption class=\"media-caption\"><span class=\"media-caption__text\">El hurac\u00e1n fue considerado como el m\u00e1s peligroso de la historia.<\/span><\/figcaption><\/figure>\n<p><strong>\u00abCada a\u00f1o hay huracanes o tormentas, ya estamos acostumbrados. Pero esta vez s\u00ed nos dio miedo\u00bb<\/strong>, cuenta.<\/p>\n<p>\u00abDesde la tarde empez\u00f3 el viento, los almendros nom\u00e1s se mec\u00edan de un lado a otro. As\u00ed estuvo casi toda la noche\u00bb.<\/p>\n<p>En Venustiano Carranza viven casi 2.000 personas, muchas dedicadas a cultivar mango y lim\u00f3n. Es un pueblo donde s\u00f3lo algunas calles est\u00e1n pavimentadas. El resto son, ahora, de lodo.<\/p>\n<p>La cosecha de las frutas representa el mayor ingreso del a\u00f1o. Pero ahora creen que ser\u00e1 m\u00e1s dif\u00edcil.<\/p>\n<p>\u00abY eso que nos toc\u00f3 de pasada, \u00bfimagina si pega de lleno como dec\u00edan que iba a pasar?\u00bb, dice Jer\u00f3nimo Cruz, vecino del pueblo.<\/p>\n<h2 class=\"story-body__crosshead\">\u00abEl fin del mundo\u00bb<\/h2>\n<p>En esta comunidad dicen que Patricia s\u00f3lo les dio \u00abun ramalazo\u00bb, es decir que apenas se acerc\u00f3 al pueblo.<\/p>\n<p>Pero algunas personas lo sintieron como si el cicl\u00f3n completo los hubiera arrollado.<\/p>\n<p>Mar\u00eda Guti\u00e9rrez Campillo es una de ellas. La noche del viernes 23 s\u00f3lo tuvo \u00e1nimos para rezar.<\/p>\n<p><strong>\u00abYo cre\u00ed que se acababa el mundo, todo se azotaba y se mov\u00eda\u00bb<\/strong>, le dice a BBC Mundo.<\/p>\n<p>\u00abSe llev\u00f3 las tejas del ba\u00f1o que est\u00e1bamos arreglando y nos dej\u00f3 sin techo en el cuarto donde dorm\u00edamos\u00bb, a\u00f1ade mientras muestra una peque\u00f1a habitaci\u00f3n vac\u00eda y anegada.<\/p>\n<figure class=\"media-landscape has-caption full-width\"><span class=\"image-and-copyright-container\"><img loading=\"lazy\" decoding=\"async\" class=\"js-image-replace\" src=\"http:\/\/ichef-1.bbci.co.uk\/news\/ws\/624\/amz\/worldservice\/live\/assets\/images\/2015\/10\/25\/151025025958_huracan_patricia_colima_mexico_venustiano_carranza_bbc_624x351.jpg\" alt=\"Mar\u00eda Guti\u00e9rrez Campillo, afectada por el hurac\u00e1n Patricia en M\u00e9xico\" width=\"624\" height=\"351\" \/><\/span><figcaption class=\"media-caption\"><span class=\"off-screen\">Image caption<\/span><span class=\"media-caption__text\">\u00abCre\u00ed que era el fin del mundo\u00bb, dice Mar\u00eda Guti\u00e9rrez.<\/span><\/figcaption><\/figure>\n<p>Para ella esto es apenas una parte del problema. \u00abMa\u00f1ana es mi cumplea\u00f1os y no tengo un centavo ni siquiera para una cena. Y ahora con esto hay m\u00e1s tristeza\u00bb.<\/p>\n<p>Afuera de su casa, Trinidad Jim\u00e9nez, encargado de limpiar y barrer las calles a cambio de una comisi\u00f3n de los vecinos, tambi\u00e9n est\u00e1 preocupado.<\/p>\n<p>\u00abCon esto que pas\u00f3 se muere todo, ya no va a haber trabajo. Hay hambre en la gente y no va a tener para otra cosa que comprar comida\u00bb.<\/p>\n<p>Es otra de las caras en la regi\u00f3n donde entr\u00f3 a tierra el hurac\u00e1n.<\/p>\n<p>Leopoldo Robles, un campesino que cultiva mango y vecino del barrio Periquillos en el municipio de Armer\u00eda, Colima, le dice a BBC Mundo que lo peor no fue el hurac\u00e1n, sino lo que les espera.<\/p>\n<p>\u00abA muchos por ac\u00e1 les tumb\u00f3 los \u00e1rboles y platanales. Ellos son los que nos dan trabajo pero ahora, \u00bfde d\u00f3nde?\u00bb.<\/p>\n<h2 class=\"story-body__crosshead\">\u00abQue vengan a vernos\u00bb<\/h2>\n<p>A lo largo de la carretera que comunica los pueblos de la costa sur de Jalisco con Nayarit aparecen con frecuencia brigadas de soldados, polic\u00edas y trabajadores que reparan las huellas que dej\u00f3 Patricia.<\/p>\n<p><strong>Hasta el momento no se conoce el costo de los da\u00f1os causados por el fen\u00f3meno, porque a\u00fan no termina su recorrido por el pa\u00eds.<\/strong><\/p>\n<figure class=\"media-landscape has-caption full-width\"><span class=\"image-and-copyright-container\"><img loading=\"lazy\" decoding=\"async\" class=\"js-image-replace\" src=\"http:\/\/ichef.bbci.co.uk\/news\/ws\/624\/amz\/worldservice\/live\/assets\/images\/2015\/10\/25\/151025021643_huracan_patricia_melaque_jalisco_bbc_624x351.jpg\" alt=\"Estaci\u00f3n de gasolina en Melaque, Jalisco, afectada por el hurac\u00e1n Patricia\" width=\"624\" height=\"351\" \/><\/span><figcaption class=\"media-caption\"><span class=\"off-screen\">Image caption<\/span><span class=\"media-caption__text\">Las autoridades dicen que Patricia caus\u00f3 \u00abda\u00f1os menores\u00bb.<\/span><\/figcaption><\/figure>\n<p>El gobierno federal dijo que aplicar\u00e1 programas emergentes de apoyo a los damnificados, aunque primero empezar\u00e1n por saber qui\u00e9nes son y para eso realizar\u00e1n un censo de los afectados.<\/p>\n<p>En Venustiano Carranza y el barrio Periquillos ya esperan el conteo. <strong>\u00abQue vengan a ayudarnos, eso es lo \u00fanico que se necesita\u00bb<\/strong>, dice.<\/p>\n","protected":false},"excerpt":{"rendered":"<p>El hurac\u00e1n Patricia afect\u00f3 cosechas en la regi\u00f3n costera de Jalisco. Antes de que el hurac\u00e1n Patricia tocara tierra, el viento empez\u00f3 a comportarse de forma extra\u00f1a: primero dej\u00f3 de soplar desde el mar, luego cambi\u00f3 de nuevo de direcci\u00f3n y despu\u00e9s se qued\u00f3 quieto por unos minutos. Fue la se\u00f1al para que la gente [&hellip;]<\/p>\n","protected":false},"author":4,"featured_media":29906,"comment_status":"open","ping_status":"open","sticky":false,"template":"","format":"standard","meta":{"footnotes":""},"categories":[84],"tags":[],"class_list":["post-29905","post","type-post","status-publish","format-standard","has-post-thumbnail","hentry","category-otras-noticias"],"_links":{"self":[{"href":"https:\/\/2horizontes.com\/index.php?rest_route=\/wp\/v2\/posts\/29905","targetHints":{"allow":["GET"]}}],"collection":[{"href":"https:\/\/2horizontes.com\/index.php?rest_route=\/wp\/v2\/posts"}],"about":[{"href":"https:\/\/2horizontes.com\/index.php?rest_route=\/wp\/v2\/types\/post"}],"author":[{"embeddable":true,"href":"https:\/\/2horizontes.com\/index.php?rest_route=\/wp\/v2\/users\/4"}],"replies":[{"embeddable":true,"href":"https:\/\/2horizontes.com\/index.php?rest_route=%2Fwp%2Fv2%2Fcomments&post=29905"}],"version-history":[{"count":1,"href":"https:\/\/2horizontes.com\/index.php?rest_route=\/wp\/v2\/posts\/29905\/revisions"}],"predecessor-version":[{"id":29907,"href":"https:\/\/2horizontes.com\/index.php?rest_route=\/wp\/v2\/posts\/29905\/revisions\/29907"}],"wp:featuredmedia":[{"embeddable":true,"href":"https:\/\/2horizontes.com\/index.php?rest_route=\/wp\/v2\/media\/29906"}],"wp:attachment":[{"href":"https:\/\/2horizontes.com\/index.php?rest_route=%2Fwp%2Fv2%2Fmedia&parent=29905"}],"wp:term":[{"taxonomy":"category","embeddable":true,"href":"https:\/\/2horizontes.com\/index.php?rest_route=%2Fwp%2Fv2%2Fcategories&post=29905"},{"taxonomy":"post_tag","embeddable":true,"href":"https:\/\/2horizontes.com\/index.php?rest_route=%2Fwp%2Fv2%2Ftags&post=29905"}],"curies":[{"name":"wp","href":"https:\/\/api.w.org\/{rel}","templated":true}]}}