{"id":29888,"date":"2015-10-26T11:56:55","date_gmt":"2015-10-26T10:56:55","guid":{"rendered":"http:\/\/2horizontes.com\/?p=29888"},"modified":"2015-10-26T11:56:55","modified_gmt":"2015-10-26T10:56:55","slug":"tres-pandilleros-muertos-y-cuatro-detenidos-en-choque-con-la-policia-en-el-salvador","status":"publish","type":"post","link":"https:\/\/2horizontes.com\/?p=29888","title":{"rendered":"Tres pandilleros muertos y cuatro detenidos en choque con la polic\u00eda en El Salvador"},"content":{"rendered":"<div id=\"ArticleAuthorDiv\" class=\"article-body-author\"><b>AFP<\/b><\/div>\n<div id=\"ArticleSourceDiv\" class=\"article-body-author\"><\/div>\n<div id=\"ArticleBody\">\n<p>Tres pandilleros murieron y otros cuatro fueron detenidos el domingo luego de enfrentarse a la polic\u00eda que los buscaba por el supuesto asesinato de un joven al norte de San Salvador, inform\u00f3 el cuerpo de seguridad.<\/p>\n<p>De acuerdo al informe policial, un grupo de pandilleros asesin\u00f3 a un estudiante de secundaria en una colonia en el centro de la ciudad de Ayutuxtepeque, 5 km al norte de la capital, y luego huyeron hacia una zona rural del municipio.<\/p>\n<p>La polic\u00eda localiz\u00f3 a los sospechosos tras un fuerte operativo que acab\u00f3 en un enfrentamiento en el que murieron tres pandilleros, a\u00f1adi\u00f3 el texto. Otros cuatro fueron detenidos y a uno de ellos le fue decomisado un fusil de asalto.<\/p>\n<p>La contienda ocurri\u00f3 en una zona rural poblada dominada por cerros, por lo que la polic\u00eda utiliz\u00f3 un helic\u00f3ptero y medio centenar de agentes en tierra.<\/p>\n<p>En la zona del enfrentamiento los agentes policiales tambi\u00e9n encontraron otros dos fusiles de asalto, de acuerdo al cuerpo de seguridad.<\/p>\n<p>El Salvador es en la actualidad escenario de una escalada de violencia que, seg\u00fan las autoridades, es generada principalmente por las violentas pandillas.<\/p>\n<p>Seg\u00fan estimaciones de las autoridades, las pandillas cuentan con unos 72.000 miembros, 13.000 de los cuales est\u00e1n en prisi\u00f3n.<\/p>\n<p>De acuerdo a cifras del Instituto de Medicina Legal, entre enero y septiembre se han producido 4.942 homicidios en El Salvador, superando ampliamente los 2.870 de igual per\u00edodo de 2014.<\/p>\n<\/div>\n","protected":false},"excerpt":{"rendered":"<p>AFP Tres pandilleros murieron y otros cuatro fueron detenidos el domingo luego de enfrentarse a la polic\u00eda que los buscaba por el supuesto asesinato de un joven al norte de San Salvador, inform\u00f3 el cuerpo de seguridad. De acuerdo al informe policial, un grupo de pandilleros asesin\u00f3 a un estudiante de secundaria en una colonia [&hellip;]<\/p>\n","protected":false},"author":7,"featured_media":29889,"comment_status":"open","ping_status":"open","sticky":false,"template":"","format":"standard","meta":{"footnotes":""},"categories":[40],"tags":[],"class_list":["post-29888","post","type-post","status-publish","format-standard","has-post-thumbnail","hentry","category-internacionales"],"_links":{"self":[{"href":"https:\/\/2horizontes.com\/index.php?rest_route=\/wp\/v2\/posts\/29888","targetHints":{"allow":["GET"]}}],"collection":[{"href":"https:\/\/2horizontes.com\/index.php?rest_route=\/wp\/v2\/posts"}],"about":[{"href":"https:\/\/2horizontes.com\/index.php?rest_route=\/wp\/v2\/types\/post"}],"author":[{"embeddable":true,"href":"https:\/\/2horizontes.com\/index.php?rest_route=\/wp\/v2\/users\/7"}],"replies":[{"embeddable":true,"href":"https:\/\/2horizontes.com\/index.php?rest_route=%2Fwp%2Fv2%2Fcomments&post=29888"}],"version-history":[{"count":1,"href":"https:\/\/2horizontes.com\/index.php?rest_route=\/wp\/v2\/posts\/29888\/revisions"}],"predecessor-version":[{"id":29890,"href":"https:\/\/2horizontes.com\/index.php?rest_route=\/wp\/v2\/posts\/29888\/revisions\/29890"}],"wp:featuredmedia":[{"embeddable":true,"href":"https:\/\/2horizontes.com\/index.php?rest_route=\/wp\/v2\/media\/29889"}],"wp:attachment":[{"href":"https:\/\/2horizontes.com\/index.php?rest_route=%2Fwp%2Fv2%2Fmedia&parent=29888"}],"wp:term":[{"taxonomy":"category","embeddable":true,"href":"https:\/\/2horizontes.com\/index.php?rest_route=%2Fwp%2Fv2%2Fcategories&post=29888"},{"taxonomy":"post_tag","embeddable":true,"href":"https:\/\/2horizontes.com\/index.php?rest_route=%2Fwp%2Fv2%2Ftags&post=29888"}],"curies":[{"name":"wp","href":"https:\/\/api.w.org\/{rel}","templated":true}]}}