{"id":29804,"date":"2015-10-24T21:57:16","date_gmt":"2015-10-24T20:57:16","guid":{"rendered":"http:\/\/2horizontes.com\/?p=29804"},"modified":"2015-10-24T21:57:16","modified_gmt":"2015-10-24T20:57:16","slug":"madrid-ito-bisono-explica-plan-de-regularizacion-en-europa","status":"publish","type":"post","link":"https:\/\/2horizontes.com\/?p=29804","title":{"rendered":"MADRID: Ito Bison\u00f3 explica Plan de Regularizaci\u00f3n en Europa"},"content":{"rendered":"<p>MADRID.- El pesidente en funciones del Partido Reformista Social Cristiano (PRSC), V\u00edctor -Ito- Bison\u00f3, explic\u00f3 los alcances del Plan Nacional de Regularizaci\u00f3n (PNRE) a la bancada europarlamentaria del Partido Popular Europeo (PPE), reunida esta semana en Madrid para su congreso estatutario.<\/p>\n<p>Ante la presencia de figuras como el griego Dimitris Avramopoulos, comisionado de la Uni\u00f3n Europea para Migraci\u00f3n y Ciudadan\u00eda, y el vocero de la bancada popular al Parlamento Europeo, el eurodiputado alem\u00e1n Manfred Weber, el legislador reformista inform\u00f3 que en el Plan se inscribieron m\u00e1s de 290 mil personas y que \u201cal d\u00eda de hoy, m\u00e1s de 100 mil han recibido el carn\u00e9 que regulariza su estatus migratorio\u201d.<\/p>\n<p>\u201cSe trata del \u00fanico proceso de este tipo que se lleva a cabo actualmente en el continente americano\u201d, destac\u00f3.<\/p>\n<p>Dijo que la crisis migratoria mundial va m\u00e1s all\u00e1 de un tema entre dos pa\u00edses vecinos o cercanos geogr\u00e1ficamente. \u201cSe requiere de acci\u00f3n humanitaria conjunta y que aquellos que tienen mayores recursos asuman tambi\u00e9n su parte\u201d, sostuvo.<\/p>\n<p>En ese sentido, reconoci\u00f3 las iniciativas migratorias implementadas por la canciller alemana \u00c1ngela Merkel. \u201cEsperamos por igual que a los dominicanos no nos dejen solos ante esta dram\u00e1tica situaci\u00f3n\u201d, puntualiz\u00f3.<\/p>\n<p>El presidente en funciones del PRSC particip\u00f3, en su calidad de aliados del PPE, que reeligi\u00f3 como presidente al franc\u00e9s Joseph Daul y como secretario general al espa\u00f1ol Antonio L\u00f3pez-Isturiz.<\/p>\n<p>El Congreso del PPE, principal partido continental europeo, sesiona cada tres a\u00f1os y re\u00fane a los principales l\u00edderes de la corriente pol\u00edtica popular en el viejo continente.<\/p>\n<p>En el Congreso estuvieron presentes los jefes de gobierno Angela Merkel, de Alemania; Pedro Passos Coelho, de Portugal; Enda Kenny, de Irlanda; Ewa Kopacs, de Polonia, y el anfitri\u00f3n, Mariano Rajoy, de Espa\u00f1a, entre otros.<\/p>\n","protected":false},"excerpt":{"rendered":"<p>MADRID.- El pesidente en funciones del Partido Reformista Social Cristiano (PRSC), V\u00edctor -Ito- Bison\u00f3, explic\u00f3 los alcances del Plan Nacional de Regularizaci\u00f3n (PNRE) a la bancada europarlamentaria del Partido Popular Europeo (PPE), reunida esta semana en Madrid para su congreso estatutario. Ante la presencia de figuras como el griego Dimitris Avramopoulos, comisionado de la Uni\u00f3n [&hellip;]<\/p>\n","protected":false},"author":4,"featured_media":29805,"comment_status":"open","ping_status":"open","sticky":false,"template":"","format":"standard","meta":{"footnotes":""},"categories":[46,85,43],"tags":[],"class_list":["post-29804","post","type-post","status-publish","format-standard","has-post-thumbnail","hentry","category-dominicanos-en-madrid","category-espana","category-politica"],"_links":{"self":[{"href":"https:\/\/2horizontes.com\/index.php?rest_route=\/wp\/v2\/posts\/29804","targetHints":{"allow":["GET"]}}],"collection":[{"href":"https:\/\/2horizontes.com\/index.php?rest_route=\/wp\/v2\/posts"}],"about":[{"href":"https:\/\/2horizontes.com\/index.php?rest_route=\/wp\/v2\/types\/post"}],"author":[{"embeddable":true,"href":"https:\/\/2horizontes.com\/index.php?rest_route=\/wp\/v2\/users\/4"}],"replies":[{"embeddable":true,"href":"https:\/\/2horizontes.com\/index.php?rest_route=%2Fwp%2Fv2%2Fcomments&post=29804"}],"version-history":[{"count":1,"href":"https:\/\/2horizontes.com\/index.php?rest_route=\/wp\/v2\/posts\/29804\/revisions"}],"predecessor-version":[{"id":29806,"href":"https:\/\/2horizontes.com\/index.php?rest_route=\/wp\/v2\/posts\/29804\/revisions\/29806"}],"wp:featuredmedia":[{"embeddable":true,"href":"https:\/\/2horizontes.com\/index.php?rest_route=\/wp\/v2\/media\/29805"}],"wp:attachment":[{"href":"https:\/\/2horizontes.com\/index.php?rest_route=%2Fwp%2Fv2%2Fmedia&parent=29804"}],"wp:term":[{"taxonomy":"category","embeddable":true,"href":"https:\/\/2horizontes.com\/index.php?rest_route=%2Fwp%2Fv2%2Fcategories&post=29804"},{"taxonomy":"post_tag","embeddable":true,"href":"https:\/\/2horizontes.com\/index.php?rest_route=%2Fwp%2Fv2%2Ftags&post=29804"}],"curies":[{"name":"wp","href":"https:\/\/api.w.org\/{rel}","templated":true}]}}