{"id":29798,"date":"2015-10-24T21:44:16","date_gmt":"2015-10-24T20:44:16","guid":{"rendered":"http:\/\/2horizontes.com\/?p=29798"},"modified":"2015-10-24T21:44:16","modified_gmt":"2015-10-24T20:44:16","slug":"cancelan-raso-denuncio-sueldo-cebolla-en-republicana-dominicana","status":"publish","type":"post","link":"https:\/\/2horizontes.com\/?p=29798","title":{"rendered":"Cancelan raso denunci\u00f3 \u201csueldo cebolla\u201d en Republicana Dominicana"},"content":{"rendered":"<p>SANTO DOMINGO.- Fue cancelado por \u201cmala conducta\u201d el raso de la Polic\u00eda que grab\u00f3 y public\u00f3 un video en las redes sociales denunciando las precariedades por las que atraviesan y el bajo salario que devengan los agentes de esa esa instituci\u00f3n.<\/p>\n<p>En un memor\u00e1ndum con fecha de este viernes y firmado por el general de brigada Alejandro Dipr\u00e9 Sierra, subjefe de la Polic\u00eda, se ordena \u201cdar de baja de las filas de la instituci\u00f3n\u201d al raso Daurin Rafael Mu\u00f1oz Mart\u00ednez.<\/p>\n<p>Mu\u00f1oz estaba asignado al departamento de Pr\u00f3fugos Rebeldes y Condenados de la Fiscal\u00eda del Distrito Nacional.<\/p>\n<p>Como parte de sus funciones, el raso del \u201csueldo cebolla\u201d participaba en allanamientos, ejecuciones de \u00f3rdenes de arrestos y traslado de presos en el Palacio de Justicia.<\/p>\n","protected":false},"excerpt":{"rendered":"<p>SANTO DOMINGO.- Fue cancelado por \u201cmala conducta\u201d el raso de la Polic\u00eda que grab\u00f3 y public\u00f3 un video en las redes sociales denunciando las precariedades por las que atraviesan y el bajo salario que devengan los agentes de esa esa instituci\u00f3n. En un memor\u00e1ndum con fecha de este viernes y firmado por el general de [&hellip;]<\/p>\n","protected":false},"author":4,"featured_media":29799,"comment_status":"open","ping_status":"open","sticky":false,"template":"","format":"standard","meta":{"footnotes":""},"categories":[44],"tags":[],"class_list":["post-29798","post","type-post","status-publish","format-standard","has-post-thumbnail","hentry","category-republica-dominicana"],"_links":{"self":[{"href":"https:\/\/2horizontes.com\/index.php?rest_route=\/wp\/v2\/posts\/29798","targetHints":{"allow":["GET"]}}],"collection":[{"href":"https:\/\/2horizontes.com\/index.php?rest_route=\/wp\/v2\/posts"}],"about":[{"href":"https:\/\/2horizontes.com\/index.php?rest_route=\/wp\/v2\/types\/post"}],"author":[{"embeddable":true,"href":"https:\/\/2horizontes.com\/index.php?rest_route=\/wp\/v2\/users\/4"}],"replies":[{"embeddable":true,"href":"https:\/\/2horizontes.com\/index.php?rest_route=%2Fwp%2Fv2%2Fcomments&post=29798"}],"version-history":[{"count":1,"href":"https:\/\/2horizontes.com\/index.php?rest_route=\/wp\/v2\/posts\/29798\/revisions"}],"predecessor-version":[{"id":29800,"href":"https:\/\/2horizontes.com\/index.php?rest_route=\/wp\/v2\/posts\/29798\/revisions\/29800"}],"wp:featuredmedia":[{"embeddable":true,"href":"https:\/\/2horizontes.com\/index.php?rest_route=\/wp\/v2\/media\/29799"}],"wp:attachment":[{"href":"https:\/\/2horizontes.com\/index.php?rest_route=%2Fwp%2Fv2%2Fmedia&parent=29798"}],"wp:term":[{"taxonomy":"category","embeddable":true,"href":"https:\/\/2horizontes.com\/index.php?rest_route=%2Fwp%2Fv2%2Fcategories&post=29798"},{"taxonomy":"post_tag","embeddable":true,"href":"https:\/\/2horizontes.com\/index.php?rest_route=%2Fwp%2Fv2%2Ftags&post=29798"}],"curies":[{"name":"wp","href":"https:\/\/api.w.org\/{rel}","templated":true}]}}