{"id":2976,"date":"2015-01-05T22:11:16","date_gmt":"2015-01-05T22:11:16","guid":{"rendered":"http:\/\/2horizontes.com\/?p=2976"},"modified":"2015-01-05T22:11:16","modified_gmt":"2015-01-05T22:11:16","slug":"el-presidente-de-mexico-enrique-pena-nieto-se-reune-con-obama","status":"publish","type":"post","link":"https:\/\/2horizontes.com\/?p=2976","title":{"rendered":"El presidente de M\u00e9xico Enrique Pe\u00f1a Nieto  se re\u00fane con Obama"},"content":{"rendered":"<p><a href=\"http:\/\/2horizontes.com\/wp-content\/uploads\/2015\/01\/nj.jpg\"><img loading=\"lazy\" decoding=\"async\" src=\"http:\/\/2horizontes.com\/wp-content\/uploads\/2015\/01\/nj-300x187.jpg\" alt=\"nj\" width=\"300\" height=\"187\" class=\"alignleft size-medium wp-image-2978\" srcset=\"https:\/\/2horizontes.com\/wp-content\/uploads\/2015\/01\/nj-300x187.jpg 300w, https:\/\/2horizontes.com\/wp-content\/uploads\/2015\/01\/nj-510x318.jpg 510w, https:\/\/2horizontes.com\/wp-content\/uploads\/2015\/01\/nj-320x200.jpg 320w, https:\/\/2horizontes.com\/wp-content\/uploads\/2015\/01\/nj.jpg 560w\" sizes=\"auto, (max-width: 300px) 100vw, 300px\" \/><\/a><\/p>\n<p>Washington.-El presidente de M\u00e9xico, Enrique Pe\u00f1a Nieto, se reunir\u00e1 este martes con su hom\u00f3logo estadounidense, Barack Obama, en Washington, en su primera visita a la capital de Estados Unidos como mandatario en funciones. Pe\u00f1a hab\u00eda pisado la Casa Blanca en 2012, d\u00edas antes de asumir el cargo.  La Secretar\u00eda de Exteriores mexicana ha detallado que la colaboraci\u00f3n entre los dos pa\u00edses en inmigraci\u00f3n es uno de los principales asuntos a tratar en la agenda. M\u00e9xico desea reconocer a la Administraci\u00f3n de Obama la acci\u00f3n ejecutiva que protege, de momento, a cerca de cinco millones de personas indocumentadas, la mayor\u00eda de ellas de nacionalidad mexicana: un 80%, seg\u00fan los c\u00e1lculos del Gobierno mexicano.<\/p>\n<p>Adem\u00e1s del paso de personas, uno de los temas sempiternos en la agenda de los dos pa\u00edses, que comparten una frontera de 3.185 kil\u00f3metros, la m\u00e1s transitada del mundo con 350 millones de cruces al a\u00f1o, est\u00e1n los efectos econ\u00f3micos. El 70% del comercio que intercambian es terrestre. M\u00e9xico es el tercer socio comercial de Estados Unidos, y este el primero de su vecino del sur: el 80% de las exportaciones mexicanas se dirigen a territorio estadounidense.<\/p>\n<p>Pero en la pr\u00e1ctica, la lentitud para cruzar la frontera de un cami\u00f3n de carga provoca p\u00e9rdidas millonarias. Los tiempos de espera en los puentes fronterizos (Tijuana, Nuevo Laredo y Nogales) va desde una hora hasta tres, lo que se traduce en p\u00e9rdidas directas de al menos 549 millones de d\u00f3lares anuales e indirectas de cerca de 7.285 millones de d\u00f3lares al a\u00f1o, seg\u00fan el estudio Working Together: Economic Ties between the United States and Mexico, del Instituto Wilson Center.<\/p>\n<p>M\u00e9xico desea reconocer a la Administraci\u00f3n de Obama la acci\u00f3n ejecutiva que protege a cerca de cinco millones de personas indocumentadas<br \/>\nEsta es tambi\u00e9n la primera vez que los presidentes se re\u00fanen despu\u00e9s de que Pe\u00f1a Nieto enfrentase el a\u00f1o m\u00e1s duro de su Gobierno, salpicado por esc\u00e1ndalos, inseguridad y sellado por la tragedia de Iguala: la desaparici\u00f3n de 43 estudiantes de magisterio en una emboscada en Ayotzinapa, en el Estado de Guerrero, que caus\u00f3 in situla muerte de seis personas.<\/p>\n<p> EE UU ha mostrado su preocupaci\u00f3n y ha ofrecido su cooperaci\u00f3n en la identificaci\u00f3n de los restos que la Fiscal\u00eda mexicana ha mostrado como los que, probablemente, pertenecen a los j\u00f3venes. El subsecretario de Relaciones Exteriores de M\u00e9xico, Sergio Alcocer, record\u00f3 que su pa\u00eds ha aceptado el ofrecimiento del Gobierno de EE UU y el de \u201ccualquier otro gobierno que haya, bien colaborado o bien ofrecido su colaboraci\u00f3n\u201d.<\/p>\n<p>El subsecretario de Relaciones Exteriores a\u00f1adi\u00f3 que en la reuni\u00f3n se abordar\u00e1 la preocupaci\u00f3n por la violencia, pero subray\u00f3 que \u201cno \u00fanicamente se circunscribe\u201d al caso mexicano. Puso, por ejemplo, el caso de las protestas en Ferguson, desatadas despu\u00e9s de que un fallo judicial declarase inocente a un polic\u00eda blanco que hab\u00eda matado a un joven negro de 18 a\u00f1os, Michael Brown. \u201cDentro de Estados Unidos sabemos que han existido fen\u00f3menos de violencia en la zona de Misuri, por mencionar un caso\u201d.<\/p>\n<p>En la v\u00edspera de iniciar su viaje, la noche del domingo, el presidente Enrique Pe\u00f1a Nieto emiti\u00f3 un mensaje en cadena nacional con motivo del A\u00f1o Nuevo donde insisti\u00f3 en que comparte la indignaci\u00f3n de lo que calific\u00f3 como \u00abun a\u00f1o dif\u00edcil\u00bb, sin mencionar directamente el caso de Ayotzinapa, y reiter\u00f3: \u00abTengo el firme compromiso de combatir la corrupci\u00f3n y la impunidad\u00bb.<\/p>\n<p>Otro de los temas a tratar, asegur\u00f3 Alcocer, es la normalizaci\u00f3n de las relaciones entre Estados Unidos y Cuba. M\u00e9xico, que hab\u00eda anunciado la condonaci\u00f3n de una parte de la deuda del Gobierno de La Habana con el pa\u00eds, e incluso estableci\u00f3 una oficina para el comercio exterior en la isla para intentar un acercamiento con el r\u00e9gimen castrista, no particip\u00f3 en las negociaciones entre Washington y La Habana. En la rueda de prensa en la que el subsecretario anunci\u00f3 los temas de la agenda oficial, Alcocer detall\u00f3 que, entre ellos, est\u00e1n, adem\u00e1s, los l\u00edmites mar\u00edtimos, la inclusi\u00f3n financiera o la bancaria, y los desastres naturales que afectan a los pa\u00edses.<\/p>\n<p>C\u00e1mbiate a la Cuenta N\u00d3MINA de ING DIRECT<\/p>\n","protected":false},"excerpt":{"rendered":"<p>Washington.-El presidente de M\u00e9xico, Enrique Pe\u00f1a Nieto, se reunir\u00e1 este martes con su hom\u00f3logo estadounidense, Barack Obama, en Washington, en su primera visita a la capital de Estados Unidos como mandatario en funciones. Pe\u00f1a hab\u00eda pisado la Casa Blanca en 2012, d\u00edas antes de asumir el cargo. La Secretar\u00eda de Exteriores mexicana ha detallado que [&hellip;]<\/p>\n","protected":false},"author":1,"featured_media":0,"comment_status":"open","ping_status":"open","sticky":false,"template":"","format":"standard","meta":{"footnotes":""},"categories":[1],"tags":[],"class_list":["post-2976","post","type-post","status-publish","format-standard","hentry","category-entretenimiento"],"_links":{"self":[{"href":"https:\/\/2horizontes.com\/index.php?rest_route=\/wp\/v2\/posts\/2976","targetHints":{"allow":["GET"]}}],"collection":[{"href":"https:\/\/2horizontes.com\/index.php?rest_route=\/wp\/v2\/posts"}],"about":[{"href":"https:\/\/2horizontes.com\/index.php?rest_route=\/wp\/v2\/types\/post"}],"author":[{"embeddable":true,"href":"https:\/\/2horizontes.com\/index.php?rest_route=\/wp\/v2\/users\/1"}],"replies":[{"embeddable":true,"href":"https:\/\/2horizontes.com\/index.php?rest_route=%2Fwp%2Fv2%2Fcomments&post=2976"}],"version-history":[{"count":1,"href":"https:\/\/2horizontes.com\/index.php?rest_route=\/wp\/v2\/posts\/2976\/revisions"}],"predecessor-version":[{"id":2979,"href":"https:\/\/2horizontes.com\/index.php?rest_route=\/wp\/v2\/posts\/2976\/revisions\/2979"}],"wp:attachment":[{"href":"https:\/\/2horizontes.com\/index.php?rest_route=%2Fwp%2Fv2%2Fmedia&parent=2976"}],"wp:term":[{"taxonomy":"category","embeddable":true,"href":"https:\/\/2horizontes.com\/index.php?rest_route=%2Fwp%2Fv2%2Fcategories&post=2976"},{"taxonomy":"post_tag","embeddable":true,"href":"https:\/\/2horizontes.com\/index.php?rest_route=%2Fwp%2Fv2%2Ftags&post=2976"}],"curies":[{"name":"wp","href":"https:\/\/api.w.org\/{rel}","templated":true}]}}