{"id":29697,"date":"2015-10-24T01:06:31","date_gmt":"2015-10-24T00:06:31","guid":{"rendered":"http:\/\/2horizontes.com\/?p=29697"},"modified":"2015-10-24T01:06:31","modified_gmt":"2015-10-24T00:06:31","slug":"inauguran-hoy-cumbre-prensa-y-turismo-2015-en-santiago-rd","status":"publish","type":"post","link":"https:\/\/2horizontes.com\/?p=29697","title":{"rendered":"Inauguran hoy Cumbre Prensa y Turismo 2015 en Santiago RD"},"content":{"rendered":"<p><span lang=\"ES-DO\">RD-SANTIAGO.-\u00a0La Sexta Cumbre Prensa y Turismo Santiago 2015 convocada para los d\u00edas 23, 24 y 25 de octubre\u00a0reunir\u00e1 autoridades, empresarios tur\u00edsticos, profesionales de diversas \u00e1reas y representantes de los medios de comunicaci\u00f3n para<\/span><span lang=\"ES-DO\">\u00a0<\/span><span lang=\"ES-DO\">conocer y discutir con esp\u00edritu constructivo los problemas, retos y oportunidades que presenta el desarrollo tur\u00edstico de la capital del Cibao.<\/span><\/p>\n<p><span lang=\"ES-DO\">Han confirmado su participaci\u00f3n el Ministro de Turismo, Francisco Javier Garc\u00eda; el Procurador General de la Rep\u00fablica, Francisco Dom\u00ednguez Brito; y el presidente de la Asociaci\u00f3n de Hoteles de la Rep\u00fablica Dominicana (ASONAHORES), Sim\u00f3n Su\u00e1rez. Se espera tambi\u00e9n la presencia del Ministro de Obras P\u00fablicas, Gonzalo Castillo; del Ministro de Cultura, Jos\u00e9 Antonio Rodr\u00edguez, y del jefe de la Polic\u00eda Nacional, Nelson\u00a0 Peguero Paredes.<\/span><\/p>\n<p><span lang=\"ES-DO\">\u201cEste\u00a0 evento propone cohesionar la voluntad\u00a0 del Estado y el liderazgo de Santiago en torno al \u00a0compromiso de crear una mayor conciencia tur\u00edstica \u00a0y sellar \u00a0una gran alianza para impulsar el desarrollo de la industria de la hospitalidad en esta demarcaci\u00f3n y apoyar la meta de los 10 millones de turistas trazada por el\u00a0 presidente de la Rep\u00fablica,\u00a0 Danilo Medina S\u00e1nchez\u201d, expresa una declaraci\u00f3n del presidente nacional de Adompretur, Luis Jos\u00e9 Ch\u00e1vez; la secretaria general de la filial Santiago, Yamira Taveras y el presidente del Cluster Tur\u00edstico de Santiago, Ram\u00f3n Paulino.<\/span><\/p>\n<p><span lang=\"ES-DO\">El objetivo fundamental del encuentro es analizar los aspectos que convergen en el sector, a fin de lograr un consenso que permita fortalecer \u00a0los factores \u00a0que inciden en el desarrollo\u00a0 de un turismo de calidad, manifiestan las entidades convocantes.<\/span><\/p>\n<p><strong>Programa<\/strong><\/p>\n<p>El programa del evento es el siguiente:<\/p>\n<p><u>Viernes 23 de octubre<\/u><\/p>\n<p>2:00 pm. Salida de Santo Domingo, desde el Colegio Dominicano de Periodistas, Centro de los H\u00e9roes<\/p>\n<p>Llegada a Santiago (check in en cada hotel).<\/p>\n<p>Acto inaugural: Hotel Hodelpa Garden Court.<\/p>\n<ul>\n<li>7:30 pm. Discursos protocolares ( 5 minutos cada uno).<\/li>\n<\/ul>\n<ol>\n<li>Invocaci\u00f3n religiosa.<\/li>\n<\/ol>\n<ol start=\"2\">\n<li>Palabras de bienvenida de Yamira Taveras, Secretaria General de ADOMPRETUR-Santiago.<\/li>\n<\/ol>\n<ol start=\"3\">\n<li>Palabras de inauguraci\u00f3n de Luis Jos\u00e9 Ch\u00e1vez, presidente<\/li>\n<\/ol>\n<ol start=\"4\">\n<li>Discurso central del Honorable Ministro de Turismo, Francisco Javier Garc\u00eda.<\/li>\n<\/ol>\n<ul>\n<li><em>C\u00f3ctel.<\/em><\/li>\n<li><em>M\u00fasica a cargo de Dr. Saxxo.<\/em><\/li>\n<li><em>Maestro de ceremonia: Frank Rodr\u00edguez<\/em><\/li>\n<\/ul>\n<p><strong><u>\u00a0<\/u><\/strong><strong><u>S\u00e1bado 24 de octubre<\/u><\/strong><\/p>\n<p><strong><u>\u00a0<\/u><\/strong>7:00 A.M. Salida desde los hoteles.<\/p>\n<p><u>\u00a0<\/u><strong>Plenaria:<\/strong> Hotel Hodelpa Gran Almirante.<\/p>\n<p><strong><u>\u00a0<\/u><\/strong><em>Tony Arias Gil (coordinaci\u00f3n programa)<\/em><\/p>\n<p><u>\u00a0 \u00a0 \u00a0 \u00a0 \u00a0 <\/u>8:00 am. Registro y acreditaci\u00f3n. Recibimiento de las delegaciones participantes.<\/p>\n<ul>\n<li>8:50 am. Presentaci\u00f3n del programa de la Cumbre y del m\u00e9todo de trabajo. Cada Sesi\u00f3n tendr\u00e1 presentaciones de 20 minutos.<\/li>\n<\/ul>\n<p><em>\u00a0<\/em><strong><u>Primera Sesi\u00f3n<\/u><\/strong><strong>: <\/strong><strong><em>Santiago destino tur\u00edstico: avances, retos y oportunidades.<\/em><\/strong><\/p>\n<p>Moderador:<em>\u00a0\u00a0\u00a0 Abel Rojas<\/em><\/p>\n<ul>\n<li>9:00 am. Ponencia Ram\u00f3n Paulino, presidente del Cl\u00faster Santiago Destino Tur\u00edstico. <em>\u00bf<\/em><em>Qu\u00e9 ha logrado el destino tur\u00edstico a partir de la Cumbre 2010? Fundaci\u00f3n, impacto y futuro\u00a0 de Santiago como destino tur\u00edstico<\/em>.<\/li>\n<\/ul>\n<ul>\n<li>9:25 am. Ponencia Julio Corral, <em>L\u00ednea de base para el crecimiento del Destino Santiago<\/em>.<\/li>\n<\/ul>\n<ul>\n<li>9:50 am. Ponencia Pilar Constanzo. <em>E<\/em><em>strategias del desarrollo tur\u00edstico de la Provincia Santiago<\/em><\/li>\n<\/ul>\n<ul>\n<li>10:15 am. Discusi\u00f3n (preguntas y respuestas).<em>\u00a0<\/em><\/li>\n<\/ul>\n<ul>\n<li>10:25 am. Cofee break (10 minutos)<em>\u00a0<\/em><\/li>\n<\/ul>\n<ul>\n<li><em>10:35 am <\/em><em>Panel sobre Agenda de Desarrollo Cultural de Santiago.<\/em><\/li>\n<\/ul>\n<p><em>Expositores Lu\u00eds Felipe Rodr\u00edguez (Centro Le\u00f3n)<\/em><em>; <\/em><em>Reynaldo Peguero (Plan Estrat\u00e9gico) y Jos\u00e9 Antonio Rodr\u00edguez (Ministro de Cultura)<\/em><em>\u00a0<\/em><\/p>\n<ul>\n<li><em>11:20<\/em> <em>Ponencia Estudio Tur\u00edstico de Santiago por Maribel Villalona (Ministerio Turismo).<\/em><em>\u00a0<\/em><\/li>\n<\/ul>\n<ul>\n<li><em>11:45<\/em> <em>Ponencia de Aura Dom\u00ednguez sobre Turismo de Salud en Santiago (Asociaci\u00f3n de Hoteles Santiago).<\/em><\/li>\n<\/ul>\n<ul>\n<li>12:10 m. Discusi\u00f3n (preguntas y respuestas).<\/li>\n<\/ul>\n<ul>\n<li><em>12:30 pm ALMUERZO<\/em><em>\u00a0<\/em><\/li>\n<\/ul>\n<ul>\n<li><em>Reuni\u00f3n Consejo Nacional de ADOMPRETUR para escoger pr\u00f3xima sede Cumbre.<\/em><em>\u00a0<\/em><\/li>\n<\/ul>\n<p>2:00 pm. <strong><u>Segunda Sesi\u00f3n<\/u>: <em>Hacia un turismo de calidad, aportes y compromisos.<\/em><\/strong><\/p>\n<p>Moderador: <em>Luciano Aybar<\/em>.<\/p>\n<ul>\n<li><em>2:05 pm. Ponencia<\/em><em> de <\/em><em>Edwin Espinal<\/em><em>, Dise\u00f1o de la Ruta hist\u00f3rico-cultural de Santiago.<\/em><\/li>\n<\/ul>\n<ul>\n<li>2:30 pm. <em>Ponencia de Milka Hern\u00e1ndez, Diversificaci\u00f3n y nuevos productos tur\u00edsticos (Directora Promoci\u00f3n Tur\u00edstica Nacional del Ministerio de Turismo).<\/em><\/li>\n<\/ul>\n<ul>\n<li><em>2:55: pm. <\/em>Discusi\u00f3n (preguntas y respuestas).<\/li>\n<\/ul>\n<ul>\n<li>3:05 pm. Ponencia M\u00e1ximo B\u00e1ez Aybar, Vocero de la Polic\u00eda Nacional.<\/li>\n<\/ul>\n<ul>\n<li>3:30 p.m. Coffe break<\/li>\n<\/ul>\n<p><strong><u>Tercera Sesi\u00f3n<\/u><\/strong><strong>: <em>Problem\u00e1tica del turismo desde la perspectiva de los periodistas.<\/em><\/strong><\/p>\n<p>Moderador: Nelson D\u00edaz<em>\u00a0<\/em><\/p>\n<ul>\n<li><em>3:40 pm. Exposici\u00f3n de ADOMPRETUR sobre Turismo y Comunicaci\u00f3n a cargo de Karina L\u00f3pez, Vicepresidenta (10 minutos).<\/em><em>\u00a0<\/em><\/li>\n<\/ul>\n<ul>\n<li><em>3:50 pm. Comentarios a cargo de Manuel Gilbert, Juan Bonilla, Delvis Santos y Elpidio Tolentino (5 minutos cada uno).<\/em><\/li>\n<\/ul>\n<ul>\n<li><em>4:10 pm: <\/em>Panel sobre Turismo y Ciudad. Visi\u00f3n de los pasados presidentes de ADOMPRETUR sobre estrategias, previsiones y correctivos para mejorar este\u00a0componente de la oferta tur\u00edstica de Santiago (5 minutos cada uno).<strong>\u00a0<\/strong><\/li>\n<\/ul>\n<ul>\n<li><em>4:30 pm. <\/em>Discusi\u00f3n (preguntas y respuestas).<\/li>\n<\/ul>\n<p><strong><u>Cuarta sesi\u00f3n<\/u><\/strong><strong>: <\/strong><strong><em>Aportes de los periodistas y los medios de comunicaci\u00f3n. Conformaci\u00f3n mesas de trabajo<\/em><\/strong><\/p>\n<p>Conductores: Osvaldo Soriano y Yamira Taveras<\/p>\n<ul>\n<li>4:45 pm. Conformaci\u00f3n de mesas de trabajo<\/li>\n<\/ul>\n<ul>\n<li>5:10 pm. Presentaci\u00f3n de las propuestas de cada mesa de trabajo.<\/li>\n<\/ul>\n<ul>\n<li><em>5:30 pm.<\/em><\/li>\n<\/ul>\n<ul>\n<li>Relatores: Marcos Cadet, Patricia Reinoso y Jos\u00e9 Rafael Sosa.<\/li>\n<\/ul>\n<ul>\n<li><em>7:00 pm. NOCHE TIPICA (Ropa casual)<\/em><\/li>\n<\/ul>\n<p><em>LUGAR:\u00a0\u00a0 Jardines del Ayuntamiento Municipal<\/em><\/p>\n<p><em>SHOW ARTISTICO:\u00a0\u00a0 Ballet Folkl\u00f3rico de Santiago, Marchantas, Robalagallina, Lechones.<\/em><\/p>\n<p><em>Presentaci\u00f3n de\u00a0 Rafaelito Rom\u00e1n\u00a0\u00a0 (noche bailable)<\/em><em>\u00a0<\/em><u>\u00a0<\/u><\/p>\n<p><u>Domingo 25 de octubre<\/u><u>\u00a0<\/u><\/p>\n<p>Punto de reuni\u00f3n: Hotel Hodelpa Gran Almirante<\/p>\n<ul>\n<li>9:00 am.: City Tours. Santiago Destino Tur\u00edstico<\/li>\n<li>12:30 pm Almuerzo y cierre de la Cumbre<\/li>\n<li>3:00 p.m. Salida hacia Santo Domingo.<\/li>\n<\/ul>\n","protected":false},"excerpt":{"rendered":"<p>RD-SANTIAGO.-\u00a0La Sexta Cumbre Prensa y Turismo Santiago 2015 convocada para los d\u00edas 23, 24 y 25 de octubre\u00a0reunir\u00e1 autoridades, empresarios tur\u00edsticos, profesionales de diversas \u00e1reas y representantes de los medios de comunicaci\u00f3n para\u00a0conocer y discutir con esp\u00edritu constructivo los problemas, retos y oportunidades que presenta el desarrollo tur\u00edstico de la capital del Cibao. Han confirmado [&hellip;]<\/p>\n","protected":false},"author":8,"featured_media":29698,"comment_status":"open","ping_status":"open","sticky":false,"template":"","format":"standard","meta":{"footnotes":""},"categories":[53,44,64],"tags":[],"class_list":["post-29697","post","type-post","status-publish","format-standard","has-post-thumbnail","hentry","category-provincias","category-republica-dominicana","category-turismo"],"_links":{"self":[{"href":"https:\/\/2horizontes.com\/index.php?rest_route=\/wp\/v2\/posts\/29697","targetHints":{"allow":["GET"]}}],"collection":[{"href":"https:\/\/2horizontes.com\/index.php?rest_route=\/wp\/v2\/posts"}],"about":[{"href":"https:\/\/2horizontes.com\/index.php?rest_route=\/wp\/v2\/types\/post"}],"author":[{"embeddable":true,"href":"https:\/\/2horizontes.com\/index.php?rest_route=\/wp\/v2\/users\/8"}],"replies":[{"embeddable":true,"href":"https:\/\/2horizontes.com\/index.php?rest_route=%2Fwp%2Fv2%2Fcomments&post=29697"}],"version-history":[{"count":1,"href":"https:\/\/2horizontes.com\/index.php?rest_route=\/wp\/v2\/posts\/29697\/revisions"}],"predecessor-version":[{"id":29699,"href":"https:\/\/2horizontes.com\/index.php?rest_route=\/wp\/v2\/posts\/29697\/revisions\/29699"}],"wp:featuredmedia":[{"embeddable":true,"href":"https:\/\/2horizontes.com\/index.php?rest_route=\/wp\/v2\/media\/29698"}],"wp:attachment":[{"href":"https:\/\/2horizontes.com\/index.php?rest_route=%2Fwp%2Fv2%2Fmedia&parent=29697"}],"wp:term":[{"taxonomy":"category","embeddable":true,"href":"https:\/\/2horizontes.com\/index.php?rest_route=%2Fwp%2Fv2%2Fcategories&post=29697"},{"taxonomy":"post_tag","embeddable":true,"href":"https:\/\/2horizontes.com\/index.php?rest_route=%2Fwp%2Fv2%2Ftags&post=29697"}],"curies":[{"name":"wp","href":"https:\/\/api.w.org\/{rel}","templated":true}]}}