{"id":29681,"date":"2015-10-24T00:01:48","date_gmt":"2015-10-23T23:01:48","guid":{"rendered":"http:\/\/2horizontes.com\/?p=29681"},"modified":"2015-10-24T00:01:48","modified_gmt":"2015-10-23T23:01:48","slug":"autoridades-haitianas-queman-los-productos-adquiridos-mercado-rd","status":"publish","type":"post","link":"https:\/\/2horizontes.com\/?p=29681","title":{"rendered":"Autoridades haitianas queman los productos adquiridos mercado RD"},"content":{"rendered":"<p class=\"not-pspace\">RD-DAJAB\u00d3N.- El mercado dominico-haitiano, que se celebra lunes y viernes en\u00a0esta\u00a0provincia se vio afectado hoy por incidentes violentos que protagonizaron comerciantes y compradores haitianos con autoridades de su pa\u00eds apostadas en su port\u00f3n fronteriza.<\/p>\n<p class=\"not-pspace\">Desde las ocho de la ma\u00f1ana de hoy, cuando las puertas fronterizas de los dos pa\u00edses fueron abiertas, miles de haitianos apresuradamente cruzaron a Dajab\u00f3n para su acostumbrado intercambio de negocio en la feria com\u00fan.<\/p>\n<p class=\"not-pspace\">Sin embargo, luego de tres horas de desarrollo del mercado, el ambiente cambi\u00f3 cuando muchos haitianos comenzaron su retorno a su pa\u00eds tras enterarse de que inspectores de Aduanas, Agricultura, Sanidad Animal y Vegetal, Migraci\u00f3n y efectivos de la Polic\u00eda de su naci\u00f3n estaban despojando y luego quemando y destruyendo las mercanc\u00edas que \u00e9stos adquirieron en el mercado.<\/p>\n<p class=\"not-pspace\">Muchos haitianos a los que se les despoj\u00f3 de los productos adquiridos en el mercado bilateral se enfrentaron a los pu\u00f1os con funcionarios que vigilan su punto fronterizo, y la Polic\u00eda Nacional en Ouanaminthe (Hait\u00ed) apres\u00f3 y golpeo a varios de ellos.<\/p>\n<p class=\"not-pspace\">Los incidentes en el lado haitiano se tornaron tenso, lo que oblig\u00f3 a las autoridades de ese pa\u00eds a cerrar su puerta.<\/p>\n<p class=\"not-pspace\">EFE pudo observar a muchos comerciantes y compradores haitianos llorando de impotencia cuando fueron despojados de las mercanc\u00edas que compraron en la feria.<\/p>\n<p class=\"not-pspace\">Otros, tras los incidentes, se apresuraron a regresar a su pa\u00eds por el r\u00edo Masacre, pero sin llevar art\u00edculos, porque en esa parte tambi\u00e9n fueron apostados agentes policiales, inspectores aduaneros, de Agricultura y de otras agencias.<\/p>\n<p class=\"not-pspace\">El comerciante haitiano Ra\u00fal Montol\u00edo dijo que el gobierno de su pa\u00eds est\u00e1 atropellando a su propio pueblo y que electoralmente \u201cle va a salir muy caro\u201d.<\/p>\n<p class=\"not-pspace\">Por su parte, Fernando D\u00edaz y Abigail Bueno, quienes presiden las asociaciones que agrupan a los Vendedores Detallistas y de Comerciantes del Mercado Binacional, lamentaron que nueva vez las autoridades haitianas se hayan empecinado en hacer fracasar el intercambio comercial que en las primeras horas comenz\u00f3 a desarrollarse con marcado \u00e9xito,<\/p>\n<p class=\"not-pspace\">\u201cMuchos de esos infelices toman dinero prestado para venir al mercado a comprar algunos productos alimenticios para su subsistencia\u201d, dijo Bueno a periodistas.<\/p>\n<p class=\"not-pspace\">El comerciante manifest\u00f3 que de ese mercado viven miles de familias que residen en pueblos y parajes de ambos lado de la frontera.<\/p>\n<p class=\"not-pspace\">En tanto, Geovanny Escotto, secretario general de la Federaci\u00f3n Nacional de Transporte Dominicano (Fenatrado), en declaraciones a medios de comunicaci\u00f3n, entre los que se encontraba EFE, denunci\u00f3 que en Hait\u00ed hay retenido nueve camiones cargados de mercanc\u00edas de procedencia dominicana.<\/p>\n<p class=\"not-pspace\">Asimismo, se\u00f1al\u00f3 que las autoridades haitianas no est\u00e1n dando muestras de querer resolver los conflictos fronterizos, al tiempo que se\u00f1al\u00f3 que Hait\u00ed \u201ctiene de relajo\u201d a la Rep\u00fablica Dominicana.<\/p>\n<p class=\"not-pspace\">Hait\u00ed mantiene una prohibici\u00f3n, v\u00eda terrestre, a 23 productos dominicanos. EFE<\/p>\n","protected":false},"excerpt":{"rendered":"<p>RD-DAJAB\u00d3N.- El mercado dominico-haitiano, que se celebra lunes y viernes en\u00a0esta\u00a0provincia se vio afectado hoy por incidentes violentos que protagonizaron comerciantes y compradores haitianos con autoridades de su pa\u00eds apostadas en su port\u00f3n fronteriza. Desde las ocho de la ma\u00f1ana de hoy, cuando las puertas fronterizas de los dos pa\u00edses fueron abiertas, miles de haitianos [&hellip;]<\/p>\n","protected":false},"author":8,"featured_media":29682,"comment_status":"open","ping_status":"open","sticky":false,"template":"","format":"standard","meta":{"footnotes":""},"categories":[63,47,40,43,53,44],"tags":[],"class_list":["post-29681","post","type-post","status-publish","format-standard","has-post-thumbnail","hentry","category-economia","category-haiti","category-internacionales","category-politica","category-provincias","category-republica-dominicana"],"_links":{"self":[{"href":"https:\/\/2horizontes.com\/index.php?rest_route=\/wp\/v2\/posts\/29681","targetHints":{"allow":["GET"]}}],"collection":[{"href":"https:\/\/2horizontes.com\/index.php?rest_route=\/wp\/v2\/posts"}],"about":[{"href":"https:\/\/2horizontes.com\/index.php?rest_route=\/wp\/v2\/types\/post"}],"author":[{"embeddable":true,"href":"https:\/\/2horizontes.com\/index.php?rest_route=\/wp\/v2\/users\/8"}],"replies":[{"embeddable":true,"href":"https:\/\/2horizontes.com\/index.php?rest_route=%2Fwp%2Fv2%2Fcomments&post=29681"}],"version-history":[{"count":1,"href":"https:\/\/2horizontes.com\/index.php?rest_route=\/wp\/v2\/posts\/29681\/revisions"}],"predecessor-version":[{"id":29683,"href":"https:\/\/2horizontes.com\/index.php?rest_route=\/wp\/v2\/posts\/29681\/revisions\/29683"}],"wp:featuredmedia":[{"embeddable":true,"href":"https:\/\/2horizontes.com\/index.php?rest_route=\/wp\/v2\/media\/29682"}],"wp:attachment":[{"href":"https:\/\/2horizontes.com\/index.php?rest_route=%2Fwp%2Fv2%2Fmedia&parent=29681"}],"wp:term":[{"taxonomy":"category","embeddable":true,"href":"https:\/\/2horizontes.com\/index.php?rest_route=%2Fwp%2Fv2%2Fcategories&post=29681"},{"taxonomy":"post_tag","embeddable":true,"href":"https:\/\/2horizontes.com\/index.php?rest_route=%2Fwp%2Fv2%2Ftags&post=29681"}],"curies":[{"name":"wp","href":"https:\/\/api.w.org\/{rel}","templated":true}]}}