{"id":29672,"date":"2015-10-23T18:19:12","date_gmt":"2015-10-23T17:19:12","guid":{"rendered":"http:\/\/2horizontes.com\/?p=29672"},"modified":"2015-10-23T18:19:12","modified_gmt":"2015-10-23T17:19:12","slug":"manuel-jimenez-renuncia-del-pld-contreras-truena-contra-la-dirigencia-rd","status":"publish","type":"post","link":"https:\/\/2horizontes.com\/?p=29672","title":{"rendered":"Manuel Jim\u00e9nez renuncia del PLD; Contreras truena contra la dirigencia RD"},"content":{"rendered":"<p>SANTO DOMINGO, Rep\u00fablica Dominicana.- Ha tenido repercusiones en el seno del gubernamental Partido de la Liberaci\u00f3n Dominicana (PLD) la decisi\u00f3n de ratificar como candidatos a los mismos puestos a un grupo de miembros de esta organizaci\u00f3n que ahora ocupan puestos oficiales.<\/p>\n<p>El diputado y aspirante a la alcald\u00eda del municipio Santo Domingo Este, Manuel Jim\u00e9nez, anunci\u00f3 su renuncia del PLD tras considerar\u00a0 que la c\u00fapula de este partido no le dej\u00f3 otra salida.<\/p>\n<p>Dijo que \u201ccon el anuncio de la Comisi\u00f3n Nacional Electoral (CNE) ratificando a Juan de los Santos como candidato a la reelecci\u00f3n en la alcald\u00eda de Santo Domingo Este, el PLD le ha dado una estocada mortal a la democracia de la Rep\u00fablica Dominicana\u201d.<\/p>\n<p>Jim\u00e9nez, quien es laureado compositor, inform\u00f3 que la pr\u00f3xima semana hablar\u00e1 con los partidos que le han propuesto la candidatura a la alcald\u00eda del referido municipio \u201cpara asegurarnos de que tomaremos una decisi\u00f3n certera, que corresponda con la situaci\u00f3n\u201d.<\/p>\n<p>Aclar\u00f3 que para inscribirse como candidato por otro partido tiene que renunciar formalmente del PLD, lo que har\u00e1 en los pr\u00f3ximos d\u00edas.<\/p>\n<p><strong>Domingo Contreras<\/strong><\/p>\n<p>Tambi\u00e9n, el aspirante a la Alcald\u00eda del Distrito Nacional, Domingo Contreras, critic\u00f3 la decisi\u00f3n de la Comisi\u00f3n Nacional Electoral del PLD de ratificar al s\u00edndico Roberto Salcedo como candidato a ese cargo para las pr\u00f3ximas elecciones.<\/p>\n<p>Contreras entiende que debieron ser celebradas primarias en el Distrito Nacional y deplor\u00f3 que el PLD le haya quitado la oportunidad de competir por ese cargo municipal.<\/p>\n<p>Dijo, en rueda de prensa, \u00a0que jam\u00e1s pens\u00f3 en que su propio partido impedir\u00eda el desarrollo del proceso de competencia interna.<\/p>\n<p>Simpatizantes de Contreras manifestaron no se quedar\u00e1n de brazos cruzados ante la decisi\u00f3n en contra de este \u00faltimo. \u00a0\u00a0Este mismo viernes comenzaron a movilizarse frente a las oficinas del aspirante, ubicadas en la calle C\u00e9sar Nicol\u00e1s Penson no. 73, en el sector capitale\u00f1o de Gazcue.<\/p>\n","protected":false},"excerpt":{"rendered":"<p>SANTO DOMINGO, Rep\u00fablica Dominicana.- Ha tenido repercusiones en el seno del gubernamental Partido de la Liberaci\u00f3n Dominicana (PLD) la decisi\u00f3n de ratificar como candidatos a los mismos puestos a un grupo de miembros de esta organizaci\u00f3n que ahora ocupan puestos oficiales. El diputado y aspirante a la alcald\u00eda del municipio Santo Domingo Este, Manuel Jim\u00e9nez, [&hellip;]<\/p>\n","protected":false},"author":8,"featured_media":29673,"comment_status":"open","ping_status":"open","sticky":false,"template":"","format":"standard","meta":{"footnotes":""},"categories":[43,44],"tags":[],"class_list":["post-29672","post","type-post","status-publish","format-standard","has-post-thumbnail","hentry","category-politica","category-republica-dominicana"],"_links":{"self":[{"href":"https:\/\/2horizontes.com\/index.php?rest_route=\/wp\/v2\/posts\/29672","targetHints":{"allow":["GET"]}}],"collection":[{"href":"https:\/\/2horizontes.com\/index.php?rest_route=\/wp\/v2\/posts"}],"about":[{"href":"https:\/\/2horizontes.com\/index.php?rest_route=\/wp\/v2\/types\/post"}],"author":[{"embeddable":true,"href":"https:\/\/2horizontes.com\/index.php?rest_route=\/wp\/v2\/users\/8"}],"replies":[{"embeddable":true,"href":"https:\/\/2horizontes.com\/index.php?rest_route=%2Fwp%2Fv2%2Fcomments&post=29672"}],"version-history":[{"count":1,"href":"https:\/\/2horizontes.com\/index.php?rest_route=\/wp\/v2\/posts\/29672\/revisions"}],"predecessor-version":[{"id":29674,"href":"https:\/\/2horizontes.com\/index.php?rest_route=\/wp\/v2\/posts\/29672\/revisions\/29674"}],"wp:featuredmedia":[{"embeddable":true,"href":"https:\/\/2horizontes.com\/index.php?rest_route=\/wp\/v2\/media\/29673"}],"wp:attachment":[{"href":"https:\/\/2horizontes.com\/index.php?rest_route=%2Fwp%2Fv2%2Fmedia&parent=29672"}],"wp:term":[{"taxonomy":"category","embeddable":true,"href":"https:\/\/2horizontes.com\/index.php?rest_route=%2Fwp%2Fv2%2Fcategories&post=29672"},{"taxonomy":"post_tag","embeddable":true,"href":"https:\/\/2horizontes.com\/index.php?rest_route=%2Fwp%2Fv2%2Ftags&post=29672"}],"curies":[{"name":"wp","href":"https:\/\/api.w.org\/{rel}","templated":true}]}}