{"id":29650,"date":"2015-10-23T16:59:20","date_gmt":"2015-10-23T15:59:20","guid":{"rendered":"http:\/\/2horizontes.com\/?p=29650"},"modified":"2015-10-23T16:59:20","modified_gmt":"2015-10-23T15:59:20","slug":"puerto-rico-sobeida-ofrece-detalles-sobre-su-libro","status":"publish","type":"post","link":"https:\/\/2horizontes.com\/?p=29650","title":{"rendered":"PUERTO RICO: Sobeida ofrece detalles sobre su libro"},"content":{"rendered":"<p>SAN JUAN.- Aunque su reconocimiento p\u00fablico surge tras ser vinculada sentimentalmente al capo puertorrique\u00f1o Jos\u00e9 Figueroa Agosto, \u00a0 conocido por \u201cJunior C\u00e1psula\u201d, la ex convicta Sobeida F\u00e9lix Morel asegur\u00f3 que el libro que tiene en agenda escribir no se enfocar\u00e1 en lo que fue su vida como amante del llamado \u201cPablo Escobar del Caribe\u201d.<\/p>\n<p>As\u00ed lo indic\u00f3 a Primera Hora la mujer de 37 a\u00f1os, residente en Rep\u00fablica Dominicana, al se\u00f1alar \u00a0que el texto -que a\u00fan no ha escrito- \u201cser\u00e1 de mi vida solamente\u201d.<\/p>\n<p>A trav\u00e9s de expresiones escritas Sobeida insisti\u00f3 que \u201cno tengo intenci\u00f3n de hablar de \u00e9l para nada y no usar\u00e9 su nombre para promocionar nada sobre mi persona\u201d.<\/p>\n<p>En una entrevista anterior, \u00a0Sobeida admiti\u00f3 que el texto -para el que no ha pensado nombre ni fecha de publicaci\u00f3n- abarcar\u00eda detalles de lo que fue su proceso de rehabilitaci\u00f3n y los mayores retos que enfrent\u00f3 tras salir de prisi\u00f3n hace poco m\u00e1s de un a\u00f1o, luego de cumplir una condena de cinco a\u00f1os por el delito de lavado de activos vinculados a la red del narco boricua.<\/p>\n<p>La ahora empresaria -quien inaugur\u00f3 recientemente en Puerto Plata (Rep\u00fablica Dominicana) el centro de belleza \u00a0Salon &amp; Spa Sobeida F\u00e9lix-, estuvo presa en la c\u00e1rcel de mujeres Najayo, donde estudi\u00f3 estilismo, manicura y pedicura.<\/p>\n<p>\u201cSi escribo el libro ser\u00eda de mi, \u00a0no de Figueroa Agosto ya que la vida de \u00e9l es de \u00e9l y no m\u00eda\u2026 Ya que tengo una nueva vida sobre mi persona, no escribir\u00eda nada de \u00e9l\u201d, dijo al aludir \u00a0al hombre que convirti\u00f3 en su amante, a\u00fan cuando era el socio de su esposo Eddy Brito.<\/p>\n<p>Sobeida tuvo dos hijos, un var\u00f3n de 16 a\u00f1os y una ni\u00f1a de 11 a\u00f1os con Brito, quien \u00a0 cumple una condena por estar vinculado a las andanzas de \u201cJunior C\u00e1psula\u201d.<\/p>\n","protected":false},"excerpt":{"rendered":"<p>SAN JUAN.- Aunque su reconocimiento p\u00fablico surge tras ser vinculada sentimentalmente al capo puertorrique\u00f1o Jos\u00e9 Figueroa Agosto, \u00a0 conocido por \u201cJunior C\u00e1psula\u201d, la ex convicta Sobeida F\u00e9lix Morel asegur\u00f3 que el libro que tiene en agenda escribir no se enfocar\u00e1 en lo que fue su vida como amante del llamado \u201cPablo Escobar del Caribe\u201d. As\u00ed [&hellip;]<\/p>\n","protected":false},"author":8,"featured_media":29651,"comment_status":"open","ping_status":"open","sticky":false,"template":"","format":"standard","meta":{"footnotes":""},"categories":[54,1,44],"tags":[],"class_list":["post-29650","post","type-post","status-publish","format-standard","has-post-thumbnail","hentry","category-emigrantes","category-entretenimiento","category-republica-dominicana"],"_links":{"self":[{"href":"https:\/\/2horizontes.com\/index.php?rest_route=\/wp\/v2\/posts\/29650","targetHints":{"allow":["GET"]}}],"collection":[{"href":"https:\/\/2horizontes.com\/index.php?rest_route=\/wp\/v2\/posts"}],"about":[{"href":"https:\/\/2horizontes.com\/index.php?rest_route=\/wp\/v2\/types\/post"}],"author":[{"embeddable":true,"href":"https:\/\/2horizontes.com\/index.php?rest_route=\/wp\/v2\/users\/8"}],"replies":[{"embeddable":true,"href":"https:\/\/2horizontes.com\/index.php?rest_route=%2Fwp%2Fv2%2Fcomments&post=29650"}],"version-history":[{"count":1,"href":"https:\/\/2horizontes.com\/index.php?rest_route=\/wp\/v2\/posts\/29650\/revisions"}],"predecessor-version":[{"id":29652,"href":"https:\/\/2horizontes.com\/index.php?rest_route=\/wp\/v2\/posts\/29650\/revisions\/29652"}],"wp:featuredmedia":[{"embeddable":true,"href":"https:\/\/2horizontes.com\/index.php?rest_route=\/wp\/v2\/media\/29651"}],"wp:attachment":[{"href":"https:\/\/2horizontes.com\/index.php?rest_route=%2Fwp%2Fv2%2Fmedia&parent=29650"}],"wp:term":[{"taxonomy":"category","embeddable":true,"href":"https:\/\/2horizontes.com\/index.php?rest_route=%2Fwp%2Fv2%2Fcategories&post=29650"},{"taxonomy":"post_tag","embeddable":true,"href":"https:\/\/2horizontes.com\/index.php?rest_route=%2Fwp%2Fv2%2Ftags&post=29650"}],"curies":[{"name":"wp","href":"https:\/\/api.w.org\/{rel}","templated":true}]}}