{"id":29647,"date":"2015-10-23T16:49:01","date_gmt":"2015-10-23T15:49:01","guid":{"rendered":"http:\/\/2horizontes.com\/?p=29647"},"modified":"2015-10-23T16:49:01","modified_gmt":"2015-10-23T15:49:01","slug":"consul-ny-tilda-de-anti-dominicano-escritor-junot-diaz-por-pedir-condena","status":"publish","type":"post","link":"https:\/\/2horizontes.com\/?p=29647","title":{"rendered":"C\u00f3nsul NY tilda de \u201canti dominicano\u201d escritor Junot D\u00edaz por pedir condena"},"content":{"rendered":"<p>RD-SANTO DOMINGO.-El c\u00f3nsul dominicano en Nueva York tild\u00f3 de \u201canti dominicano\u201d al escritor y premio Pulitzer Junot D\u00edaz por haberse sumado a activistas pro derechos humanos para pedir al Congreso de Estados Unidos una resoluci\u00f3n de condena a la Rep\u00fablica Dominicana por las medidas de regularizaci\u00f3n de inmigrantes\u00a0 indocumentados que ha implementado.<\/p>\n<p>Dijo que le ha retirado el reconocimiento de la Orden al M\u00e9rito Ciudadano que el Gobierno Dominicano otorg\u00f3 a Junot en febrero de 2009.<\/p>\n<p>Selman reaccion\u00f3 luego de que D\u00edaz abogara p\u00fablicamente junto a la escritora haitiana Edwindge Danticat por una resoluci\u00f3n congresual de condena por los \u201cabusos\u201d contra \u201clos dominicanos de origen haitiano con riesgo de convertirse en ap\u00e1tridas\u201d. \u00a0Estos \u00faltimos participaron en una ronda de reuniones con legisladores para presionar por medidas dirigidas a que el Gobierno dominicano \u00a0suspenda el proceso de regularizaci\u00f3n, \u00a0que \u2013a su juicio- ponen a cientos de miles de haitianos nacidos en la Rep\u00fablica Dominicana en riesgo de convertirse en ap\u00e1tridas.<\/p>\n<p>El Consul Selman dice, que \u201cm\u00e1s de 350,000 extranjeros de diversos pa\u00edses, no s\u00f3lo de Hait\u00ed, han podido regularizar\u00a0 su estatus de permanencia o de nacionalidad en la naci\u00f3n dominicana, gracias a que el presidente Danilo Medina se empe\u00f1\u00f3 en que se d\u00e9 cumplimiento a una sentencia constitucional de 2013, a la Ley de Migraci\u00f3n de 2004 y a la ley 69 del 2014\u201d.<\/p>\n<p>Agrega que \u00a0contrario a lo que afirma el escritor, en la Rep\u00fablica Dominicana se ha actuado con apego a la Constituci\u00f3n y las leyes adjetivas en lo que tiene que ver con el respeto a los derechos humanos y la inexistencia de \u201capatridia\u201d.<\/p>\n<p>Se\u00f1ala que ni un s\u00f3lo caso se ha registrado que pueda ser considerado violaci\u00f3n de los derechos inalienables de los seres humanos. Por el contrario, alega, la Embajada de Estados Unidos en Santo Domingo ha reconocido la labor humanitaria de las autoridades dominicanas en el caso de los haitianos y otros extranjeros.<\/p>\n<p>\u201cNo s\u00f3lo lo confirma el testimonio del embajador James \u2013Wally- Brewster en representaci\u00f3n del gobierno estadounidense, sino tambi\u00e9n organismos como el Alto Comisionado de las Naciones Unidas para los Refugiados (ACNUR), la Organizaci\u00f3n Internacional para las Migraciones (OIM), el Fondo de las Naciones Unidas para la Infancia (UNICEF), la Uni\u00f3n Europea, el Programa de las Naciones Unidas para el Desarrollo (PNUD) y la Mesa Nacional para las Migraciones\u201d, agrega.<\/p>\n<p>Afirma que el respeto a los derechos humanos ha sido verificado tambi\u00e9n por los representantes de organismos internacionales que visitaron el pa\u00eds con ese prop\u00f3sito.<\/p>\n<p>\u201cDeclaramos enf\u00e1ticamente que en la Rep\u00fablica Dominicana se ha actuado con transparencia ante el mundo en la implementaci\u00f3n de las medidas migratorias y no se ha registrado ning\u00fan caso de violaci\u00f3n de los derechos humanos ni de apatridia con los haitianos ni con ning\u00fan otro extranjero, contrario a lo que sostiene el escritor Junot D\u00edaz, quien ha demostrado ser anti dominicano\u201d, subraya Selman.<\/p>\n<p>El funcionario consular concluy\u00f3 se\u00f1alando que cuando en febrero de 2009 Junot D\u00edaf fue reconocido junto a otros destacados dominicanos con la Orden al M\u00e9rito Ciudadano, ni siquiera se present\u00f3 a la actividad sin excusarse y tampoco agradeci\u00f3 la distinci\u00f3n.<\/p>\n","protected":false},"excerpt":{"rendered":"<p>RD-SANTO DOMINGO.-El c\u00f3nsul dominicano en Nueva York tild\u00f3 de \u201canti dominicano\u201d al escritor y premio Pulitzer Junot D\u00edaz por haberse sumado a activistas pro derechos humanos para pedir al Congreso de Estados Unidos una resoluci\u00f3n de condena a la Rep\u00fablica Dominicana por las medidas de regularizaci\u00f3n de inmigrantes\u00a0 indocumentados que ha implementado. Dijo que le [&hellip;]<\/p>\n","protected":false},"author":8,"featured_media":29648,"comment_status":"open","ping_status":"open","sticky":false,"template":"","format":"standard","meta":{"footnotes":""},"categories":[54,40,44],"tags":[],"class_list":["post-29647","post","type-post","status-publish","format-standard","has-post-thumbnail","hentry","category-emigrantes","category-internacionales","category-republica-dominicana"],"_links":{"self":[{"href":"https:\/\/2horizontes.com\/index.php?rest_route=\/wp\/v2\/posts\/29647","targetHints":{"allow":["GET"]}}],"collection":[{"href":"https:\/\/2horizontes.com\/index.php?rest_route=\/wp\/v2\/posts"}],"about":[{"href":"https:\/\/2horizontes.com\/index.php?rest_route=\/wp\/v2\/types\/post"}],"author":[{"embeddable":true,"href":"https:\/\/2horizontes.com\/index.php?rest_route=\/wp\/v2\/users\/8"}],"replies":[{"embeddable":true,"href":"https:\/\/2horizontes.com\/index.php?rest_route=%2Fwp%2Fv2%2Fcomments&post=29647"}],"version-history":[{"count":1,"href":"https:\/\/2horizontes.com\/index.php?rest_route=\/wp\/v2\/posts\/29647\/revisions"}],"predecessor-version":[{"id":29649,"href":"https:\/\/2horizontes.com\/index.php?rest_route=\/wp\/v2\/posts\/29647\/revisions\/29649"}],"wp:featuredmedia":[{"embeddable":true,"href":"https:\/\/2horizontes.com\/index.php?rest_route=\/wp\/v2\/media\/29648"}],"wp:attachment":[{"href":"https:\/\/2horizontes.com\/index.php?rest_route=%2Fwp%2Fv2%2Fmedia&parent=29647"}],"wp:term":[{"taxonomy":"category","embeddable":true,"href":"https:\/\/2horizontes.com\/index.php?rest_route=%2Fwp%2Fv2%2Fcategories&post=29647"},{"taxonomy":"post_tag","embeddable":true,"href":"https:\/\/2horizontes.com\/index.php?rest_route=%2Fwp%2Fv2%2Ftags&post=29647"}],"curies":[{"name":"wp","href":"https:\/\/api.w.org\/{rel}","templated":true}]}}