{"id":29595,"date":"2015-10-23T08:55:19","date_gmt":"2015-10-23T07:55:19","guid":{"rendered":"http:\/\/2horizontes.com\/?p=29595"},"modified":"2015-10-23T08:55:19","modified_gmt":"2015-10-23T07:55:19","slug":"preven-operacion-de-canal-de-panama-ampliado-para-abril-de-2016","status":"publish","type":"post","link":"https:\/\/2horizontes.com\/?p=29595","title":{"rendered":"Prev\u00e9n operaci\u00f3n de Canal de Panam\u00e1 ampliado para abril de 2016"},"content":{"rendered":"<p>Panam\u00e1 .- El inicio de operaci\u00f3n comercial del Canal de Panam\u00e1 ampliado ser\u00e1 como todo lo indica en abril de 2016, inform\u00f3 la v\u00eda interoce\u00e1nica, al destacar el cumplimiento hoy del noveno aniversario del referendo a trav\u00e9s del cual los paname\u00f1os dieron luz verde al inicio de la obra de expansi\u00f3n para poder recibir buques de mayor calado en este punto de paso entre el Atl\u00e1ntico y el Pac\u00edfico.<\/p>\n<p>La Autoridad del Canal de Panam\u00e1 (ACP) record\u00f3, a trav\u00e9s de un comunicado, que luego de un intenso debate de varios meses los paname\u00f1os acudieron a las urnas el domingo 22 de octubre de 2006 para expresar su parecer sobre el tema.<\/p>\n<p>Se\u00f1al\u00f3 enseguida que nueve a\u00f1os despu\u00e9s el programa de ampliaci\u00f3n del Canal de Panam\u00e1 alcanza un 94 por ciento de ejecuci\u00f3n, y que se espera que las nuevas esclusas de la v\u00eda (tercer juego) empezar\u00e1n a funcionar como est\u00e1 previsto.<\/p>\n<p>La administraci\u00f3n canalera paname\u00f1a, que asumi\u00f3 formalmente el manejo de la ruta acu\u00e1tica a fines de 1999, en cumplimiento de los Tratados Torrijos Carter de 1977 -que dispusieron el retiro militar estadounidense gradual de las riberas de la v\u00eda-, se\u00f1al\u00f3 en la nota que se han completado varios hitos significativos desde que comenz\u00f3 la construcci\u00f3n del proyecto de ampliaci\u00f3n.<\/p>\n<p>Mencion\u00f3 entre los hitos cumplidos la profundizaci\u00f3n de los cauces de acceso en el Atl\u00e1ntico y el Pac\u00edfico, la llegada de las compuertas, su instalaci\u00f3n y prueba, as\u00ed como el llenado de las nuevas esclusas de Agua Clara, en el Atl\u00e1ntico, y Cocol\u00ed, en el Pac\u00edfico.<\/p>\n<p>A la fecha, seg\u00fan la ACP, el programa de ampliaci\u00f3n ha generado 40.110 empleos directos y acumulados, lo que no tiene precedentes en la regi\u00f3n, y representa un enorme aporte econ\u00f3mico, social y cient\u00edfico para la sociedad paname\u00f1a, se agreg\u00f3.<\/p>\n<p>Se puntualiz\u00f3 tambi\u00e9n que un 36 por ciento de la cifra se\u00f1alada (14.364 empleos) ha sido ocupada por trabajadores menores de 30 a\u00f1os.<\/p>\n<p>Luego resalt\u00f3 que la ACP cumple, adem\u00e1s, con el env\u00edo de un reporte trimestral sobre los avances del proyecto de ampliaci\u00f3n al \u00d3rgano Ejecutivo, a la Asamblea Nacional de Diputados, a la Contralor\u00eda General de la Rep\u00fablica, y a los integrantes de una Comisi\u00f3n Ad-hoc, creada para supervisar el avance del proyecto.<\/p>\n<p>Seg\u00fan la ACP, con la ampliaci\u00f3n se va poder pasar por el Canal el doble de la carga que actualmente transita por la ruta acu\u00e1tica.<\/p>\n<p>F. Agencia\u00a0spanish.peopledaily.com<\/p>\n","protected":false},"excerpt":{"rendered":"<p>Panam\u00e1 .- El inicio de operaci\u00f3n comercial del Canal de Panam\u00e1 ampliado ser\u00e1 como todo lo indica en abril de 2016, inform\u00f3 la v\u00eda interoce\u00e1nica, al destacar el cumplimiento hoy del noveno aniversario del referendo a trav\u00e9s del cual los paname\u00f1os dieron luz verde al inicio de la obra de expansi\u00f3n para poder recibir buques [&hellip;]<\/p>\n","protected":false},"author":7,"featured_media":29596,"comment_status":"open","ping_status":"open","sticky":false,"template":"","format":"standard","meta":{"footnotes":""},"categories":[63,40],"tags":[],"class_list":["post-29595","post","type-post","status-publish","format-standard","has-post-thumbnail","hentry","category-economia","category-internacionales"],"_links":{"self":[{"href":"https:\/\/2horizontes.com\/index.php?rest_route=\/wp\/v2\/posts\/29595","targetHints":{"allow":["GET"]}}],"collection":[{"href":"https:\/\/2horizontes.com\/index.php?rest_route=\/wp\/v2\/posts"}],"about":[{"href":"https:\/\/2horizontes.com\/index.php?rest_route=\/wp\/v2\/types\/post"}],"author":[{"embeddable":true,"href":"https:\/\/2horizontes.com\/index.php?rest_route=\/wp\/v2\/users\/7"}],"replies":[{"embeddable":true,"href":"https:\/\/2horizontes.com\/index.php?rest_route=%2Fwp%2Fv2%2Fcomments&post=29595"}],"version-history":[{"count":1,"href":"https:\/\/2horizontes.com\/index.php?rest_route=\/wp\/v2\/posts\/29595\/revisions"}],"predecessor-version":[{"id":29597,"href":"https:\/\/2horizontes.com\/index.php?rest_route=\/wp\/v2\/posts\/29595\/revisions\/29597"}],"wp:featuredmedia":[{"embeddable":true,"href":"https:\/\/2horizontes.com\/index.php?rest_route=\/wp\/v2\/media\/29596"}],"wp:attachment":[{"href":"https:\/\/2horizontes.com\/index.php?rest_route=%2Fwp%2Fv2%2Fmedia&parent=29595"}],"wp:term":[{"taxonomy":"category","embeddable":true,"href":"https:\/\/2horizontes.com\/index.php?rest_route=%2Fwp%2Fv2%2Fcategories&post=29595"},{"taxonomy":"post_tag","embeddable":true,"href":"https:\/\/2horizontes.com\/index.php?rest_route=%2Fwp%2Fv2%2Ftags&post=29595"}],"curies":[{"name":"wp","href":"https:\/\/api.w.org\/{rel}","templated":true}]}}