{"id":29558,"date":"2015-10-22T23:04:50","date_gmt":"2015-10-22T22:04:50","guid":{"rendered":"http:\/\/2horizontes.com\/?p=29558"},"modified":"2015-10-22T23:04:50","modified_gmt":"2015-10-22T22:04:50","slug":"envian-a-prision-a-entrenador-de-beisbol-acusado-de-violar-sexualmente-a-un-adolescente","status":"publish","type":"post","link":"https:\/\/2horizontes.com\/?p=29558","title":{"rendered":"Env\u00edan a prisi\u00f3n a entrenador de b\u00e9isbol acusado de violar sexualmente a un adolescente"},"content":{"rendered":"<p>RD- PUERTO PLATA-El Juzgado de Atenci\u00f3n Permanente de Puerto Plata impuso seis meses de prisi\u00f3n preventiva en contra de un entrenador de b\u00e9isbol\u00a0 acusado de abusar sexualmente de un adolescente de 14 a\u00f1os de edad.<\/p>\n<p>El imputado F.I de 50 a\u00f1os, fue investigado por la Unidad de Atenci\u00f3n a V\u00edctimas de Violencia de G\u00e9nero, Intrafamiliar y Delitos Sexuales de Puerto Plata.<\/p>\n<p>En el expediente el ministerio p\u00fablico establece que el entrenador abusaba sexualmente del menor desde que este ten\u00eda la edad de 9 a\u00f1os.<\/p>\n<p>Adem\u00e1s indica que luego de que le fueran realizados varios an\u00e1lisis m\u00e9dicos la v\u00edctima fue diagnosticada por el Centro de Promoci\u00f3n y Solidaridad Humana (Ceprosh), con el S\u00edndrome de Inmunodeficiencia Adquirida (VIH- Sida).<\/p>\n<p>El adolescente, cuyo nombre se omite por razones legales, le confes\u00f3 a su madre que\u00a0 el entrenador abusaba de \u00e9l, y le ofrec\u00eda viajar gratis a jugar b\u00e9isbol. Igualmente, le dijo que el entrenador lo amenazaba para que no denunciara la agresi\u00f3n de que era v\u00edctima.<\/p>\n","protected":false},"excerpt":{"rendered":"<p>RD- PUERTO PLATA-El Juzgado de Atenci\u00f3n Permanente de Puerto Plata impuso seis meses de prisi\u00f3n preventiva en contra de un entrenador de b\u00e9isbol\u00a0 acusado de abusar sexualmente de un adolescente de 14 a\u00f1os de edad. El imputado F.I de 50 a\u00f1os, fue investigado por la Unidad de Atenci\u00f3n a V\u00edctimas de Violencia de G\u00e9nero, Intrafamiliar [&hellip;]<\/p>\n","protected":false},"author":8,"featured_media":29559,"comment_status":"open","ping_status":"open","sticky":false,"template":"","format":"standard","meta":{"footnotes":""},"categories":[53,44],"tags":[],"class_list":["post-29558","post","type-post","status-publish","format-standard","has-post-thumbnail","hentry","category-provincias","category-republica-dominicana"],"_links":{"self":[{"href":"https:\/\/2horizontes.com\/index.php?rest_route=\/wp\/v2\/posts\/29558","targetHints":{"allow":["GET"]}}],"collection":[{"href":"https:\/\/2horizontes.com\/index.php?rest_route=\/wp\/v2\/posts"}],"about":[{"href":"https:\/\/2horizontes.com\/index.php?rest_route=\/wp\/v2\/types\/post"}],"author":[{"embeddable":true,"href":"https:\/\/2horizontes.com\/index.php?rest_route=\/wp\/v2\/users\/8"}],"replies":[{"embeddable":true,"href":"https:\/\/2horizontes.com\/index.php?rest_route=%2Fwp%2Fv2%2Fcomments&post=29558"}],"version-history":[{"count":1,"href":"https:\/\/2horizontes.com\/index.php?rest_route=\/wp\/v2\/posts\/29558\/revisions"}],"predecessor-version":[{"id":29560,"href":"https:\/\/2horizontes.com\/index.php?rest_route=\/wp\/v2\/posts\/29558\/revisions\/29560"}],"wp:featuredmedia":[{"embeddable":true,"href":"https:\/\/2horizontes.com\/index.php?rest_route=\/wp\/v2\/media\/29559"}],"wp:attachment":[{"href":"https:\/\/2horizontes.com\/index.php?rest_route=%2Fwp%2Fv2%2Fmedia&parent=29558"}],"wp:term":[{"taxonomy":"category","embeddable":true,"href":"https:\/\/2horizontes.com\/index.php?rest_route=%2Fwp%2Fv2%2Fcategories&post=29558"},{"taxonomy":"post_tag","embeddable":true,"href":"https:\/\/2horizontes.com\/index.php?rest_route=%2Fwp%2Fv2%2Ftags&post=29558"}],"curies":[{"name":"wp","href":"https:\/\/api.w.org\/{rel}","templated":true}]}}