{"id":29551,"date":"2015-10-22T22:44:46","date_gmt":"2015-10-22T21:44:46","guid":{"rendered":"http:\/\/2horizontes.com\/?p=29551"},"modified":"2015-10-22T22:44:46","modified_gmt":"2015-10-22T21:44:46","slug":"senado-aprueba-en-primera-lectura-ley-organica-de-policia-nacional-rd","status":"publish","type":"post","link":"https:\/\/2horizontes.com\/?p=29551","title":{"rendered":"Senado aprueba en primera lectura ley org\u00e1nica de Polic\u00eda Nacional RD"},"content":{"rendered":"<p>RD- SANTO DOMINGO-El Senado aprob\u00f3 hoy en primera lectura con modificaciones el proyecto de ley org\u00e1nica de la Polic\u00eda, que consigna un tope en sus filas de 20 generales, y establece que no se prestar\u00e1\u00a0 servicio policial a personas f\u00edsicas o morales ni a establecimientos comerciales, si no se determina que est\u00e1n en grave peligro.<\/p>\n<p>El pleno acogi\u00f3 el informe favorable que rindi\u00f3 la comisi\u00f3n de Interior y Polic\u00eda del Senado, que ley\u00f3 su presidente en funciones, el senador por San Crist\u00f3bal, Tommy Gal\u00e1n.<\/p>\n<p>La iniciativa la presentaron al Congreso Nacional los senadores Julio C\u00e9sar Valent\u00edn, Adriano S\u00e1nchez Roa, Carlos Castillo, Ar\u00edstides Victoria Yeb y Manuel Antonio Paula.<\/p>\n<p>S\u00e1nchez Roa, vocero del PLD y representante por El\u00edas Pi\u00f1a, resalt\u00f3 que ya se dejar\u00e1 de llamar \u201cJefe\u201d al titular de la Polic\u00eda, y en lo adelante se denominar\u00e1 \u201cDirector General\u201d, quien desempe\u00f1ar\u00e1 el cargo durante dos a\u00f1os, y al cumplir ese per\u00edodo, pasar\u00e1 autom\u00e1ticamente a situaci\u00f3n de retiro.<\/p>\n<p>Valent\u00edn\u00a0 subray\u00f3 que la legislaci\u00f3n refuerza la imagen de la Polic\u00eda ante la opini\u00f3n p\u00fablica, \u201cporque sus niveles de credibilidad est\u00e1n bastante bajos\u201d.<\/p>\n<p>Explic\u00f3 que una vez promulgada la ley, se le otorgar\u00e1 al Presidente de la Rep\u00fablica, un plazo de 24 meses para que haga los ajustes sobre la cantidad de generales y coroneles activos en la Polic\u00eda.<\/p>\n","protected":false},"excerpt":{"rendered":"<p>RD- SANTO DOMINGO-El Senado aprob\u00f3 hoy en primera lectura con modificaciones el proyecto de ley org\u00e1nica de la Polic\u00eda, que consigna un tope en sus filas de 20 generales, y establece que no se prestar\u00e1\u00a0 servicio policial a personas f\u00edsicas o morales ni a establecimientos comerciales, si no se determina que est\u00e1n en grave peligro. [&hellip;]<\/p>\n","protected":false},"author":8,"featured_media":29552,"comment_status":"open","ping_status":"open","sticky":false,"template":"","format":"standard","meta":{"footnotes":""},"categories":[44],"tags":[],"class_list":["post-29551","post","type-post","status-publish","format-standard","has-post-thumbnail","hentry","category-republica-dominicana"],"_links":{"self":[{"href":"https:\/\/2horizontes.com\/index.php?rest_route=\/wp\/v2\/posts\/29551","targetHints":{"allow":["GET"]}}],"collection":[{"href":"https:\/\/2horizontes.com\/index.php?rest_route=\/wp\/v2\/posts"}],"about":[{"href":"https:\/\/2horizontes.com\/index.php?rest_route=\/wp\/v2\/types\/post"}],"author":[{"embeddable":true,"href":"https:\/\/2horizontes.com\/index.php?rest_route=\/wp\/v2\/users\/8"}],"replies":[{"embeddable":true,"href":"https:\/\/2horizontes.com\/index.php?rest_route=%2Fwp%2Fv2%2Fcomments&post=29551"}],"version-history":[{"count":1,"href":"https:\/\/2horizontes.com\/index.php?rest_route=\/wp\/v2\/posts\/29551\/revisions"}],"predecessor-version":[{"id":29553,"href":"https:\/\/2horizontes.com\/index.php?rest_route=\/wp\/v2\/posts\/29551\/revisions\/29553"}],"wp:featuredmedia":[{"embeddable":true,"href":"https:\/\/2horizontes.com\/index.php?rest_route=\/wp\/v2\/media\/29552"}],"wp:attachment":[{"href":"https:\/\/2horizontes.com\/index.php?rest_route=%2Fwp%2Fv2%2Fmedia&parent=29551"}],"wp:term":[{"taxonomy":"category","embeddable":true,"href":"https:\/\/2horizontes.com\/index.php?rest_route=%2Fwp%2Fv2%2Fcategories&post=29551"},{"taxonomy":"post_tag","embeddable":true,"href":"https:\/\/2horizontes.com\/index.php?rest_route=%2Fwp%2Fv2%2Ftags&post=29551"}],"curies":[{"name":"wp","href":"https:\/\/api.w.org\/{rel}","templated":true}]}}