{"id":29520,"date":"2015-10-22T16:17:01","date_gmt":"2015-10-22T15:17:01","guid":{"rendered":"http:\/\/2horizontes.com\/?p=29520"},"modified":"2015-10-22T16:17:01","modified_gmt":"2015-10-22T15:17:01","slug":"junot-diaz-pide-a-congreso-eu-condena-contra-r-dom-por-supuesta-apatridia","status":"publish","type":"post","link":"https:\/\/2horizontes.com\/?p=29520","title":{"rendered":"Junot D\u00edaz pide a Congreso EU condena contra R. Dom. por supuesta apatridia"},"content":{"rendered":"<p>WASHINGTON.- El escritor dominicano y premio Pulitzer Junot D\u00edaz se sum\u00f3 a un grupo de activistas pro-derechos humanos para pedir al Congreso de EE.UU. una resoluci\u00f3n de condena por los \u201cabusos\u201d contra los dominicanos de origen haitiano con riesgo de convertirse en ap\u00e1tridas.<\/p>\n<p>D\u00edaz y la escritora haitiana Edwidge Danticat participaron en una ronda de reuniones con congresistas y senadores para presionar por medidas que presionen al Gobierno dominicano para que d\u00e9 marcha atr\u00e1s con sus medidas de regularizaci\u00f3n que ponen a cientos de miles de haitianos nacidos en la Rep\u00fablica Dominicana en riesgo de convertirse en ap\u00e1tridas.<\/p>\n<p>Ambos se sumaron al movimiento de Derechos Humanos para Todos en la Rep\u00fablica Dominicana y Amnist\u00eda Internacional para condenar la Ley de Naturalizaci\u00f3n de 2014 que, en su opini\u00f3n, \u201csolo aumenta la discriminaci\u00f3n contra ciudadanos dominicanos de descendencia haitiana\u201d.<\/p>\n<p>Los participantes, que se reunieron con varios congresistas y senadores, pidieron que la C\u00e1mara de Representantes reintroduzca una resoluci\u00f3n \u201ccondenando expresamente los abusos de derechos humanos\u201d en la Rep\u00fablica Dominicana que se llevaron a cabo en 2013.<\/p>\n<p>Asimismo, solicitaron que aumenten la presi\u00f3n para que el secretario de Estado, John Kerry, investigue la implementaci\u00f3n de la Ley de Naturalizaci\u00f3n y se entreviste en audiencia a personas en riesgo de expulsi\u00f3n.<\/p>\n<p>En 2013, el Tribunal Constitucional dominicano endureci\u00f3 retroactivamente los par\u00e1metros para adquirir la nacionalidad, poniendo en riesgo de expulsi\u00f3n a decenas de miles de inmigrantes y descendientes de haitianos.<\/p>\n<p>El Plan de Regularizaci\u00f3n para Extranjeros indocumentados, cuyo plazo concluy\u00f3 el pasado 17 de junio, se puso en marcha junto a la Ley de Naturalizaci\u00f3n para regular el fallo del Tribunal Constitucional, pero la dificultad para probar las condiciones requeridas y denuncias de abuso policial sigue abocando a miles de indocumentados a la deportaci\u00f3n.<\/p>\n<p>\u201cComo primer socio comercial de la Rep\u00fablica Dominicana, Estados Unidos tiene la obligaci\u00f3n moral de asegurarse que los principios de derechos humanos son promovidos para proteger a los vulnerables\u201d, se\u00f1alaron los demandantes.<\/p>\n","protected":false},"excerpt":{"rendered":"<p>WASHINGTON.- El escritor dominicano y premio Pulitzer Junot D\u00edaz se sum\u00f3 a un grupo de activistas pro-derechos humanos para pedir al Congreso de EE.UU. una resoluci\u00f3n de condena por los \u201cabusos\u201d contra los dominicanos de origen haitiano con riesgo de convertirse en ap\u00e1tridas. D\u00edaz y la escritora haitiana Edwidge Danticat participaron en una ronda de [&hellip;]<\/p>\n","protected":false},"author":8,"featured_media":29521,"comment_status":"open","ping_status":"open","sticky":false,"template":"","format":"standard","meta":{"footnotes":""},"categories":[54,40,43,44],"tags":[],"class_list":["post-29520","post","type-post","status-publish","format-standard","has-post-thumbnail","hentry","category-emigrantes","category-internacionales","category-politica","category-republica-dominicana"],"_links":{"self":[{"href":"https:\/\/2horizontes.com\/index.php?rest_route=\/wp\/v2\/posts\/29520","targetHints":{"allow":["GET"]}}],"collection":[{"href":"https:\/\/2horizontes.com\/index.php?rest_route=\/wp\/v2\/posts"}],"about":[{"href":"https:\/\/2horizontes.com\/index.php?rest_route=\/wp\/v2\/types\/post"}],"author":[{"embeddable":true,"href":"https:\/\/2horizontes.com\/index.php?rest_route=\/wp\/v2\/users\/8"}],"replies":[{"embeddable":true,"href":"https:\/\/2horizontes.com\/index.php?rest_route=%2Fwp%2Fv2%2Fcomments&post=29520"}],"version-history":[{"count":1,"href":"https:\/\/2horizontes.com\/index.php?rest_route=\/wp\/v2\/posts\/29520\/revisions"}],"predecessor-version":[{"id":29522,"href":"https:\/\/2horizontes.com\/index.php?rest_route=\/wp\/v2\/posts\/29520\/revisions\/29522"}],"wp:featuredmedia":[{"embeddable":true,"href":"https:\/\/2horizontes.com\/index.php?rest_route=\/wp\/v2\/media\/29521"}],"wp:attachment":[{"href":"https:\/\/2horizontes.com\/index.php?rest_route=%2Fwp%2Fv2%2Fmedia&parent=29520"}],"wp:term":[{"taxonomy":"category","embeddable":true,"href":"https:\/\/2horizontes.com\/index.php?rest_route=%2Fwp%2Fv2%2Fcategories&post=29520"},{"taxonomy":"post_tag","embeddable":true,"href":"https:\/\/2horizontes.com\/index.php?rest_route=%2Fwp%2Fv2%2Ftags&post=29520"}],"curies":[{"name":"wp","href":"https:\/\/api.w.org\/{rel}","templated":true}]}}