{"id":2943,"date":"2015-01-05T19:45:30","date_gmt":"2015-01-05T19:45:30","guid":{"rendered":"http:\/\/2horizontes.com\/?p=2943"},"modified":"2015-01-05T19:45:30","modified_gmt":"2015-01-05T19:45:30","slug":"matan-periodista-mexicana-y-a-esposo","status":"publish","type":"post","link":"https:\/\/2horizontes.com\/?p=2943","title":{"rendered":"Matan periodista mexicana y a esposo"},"content":{"rendered":"<p><a href=\"http:\/\/2horizontes.com\/wp-content\/uploads\/2015\/01\/pare.jpg\"><img loading=\"lazy\" decoding=\"async\" src=\"http:\/\/2horizontes.com\/wp-content\/uploads\/2015\/01\/pare-300x168.jpg\" alt=\"pare\" width=\"300\" height=\"168\" class=\"alignleft size-medium wp-image-2944\" srcset=\"https:\/\/2horizontes.com\/wp-content\/uploads\/2015\/01\/pare-300x168.jpg 300w, https:\/\/2horizontes.com\/wp-content\/uploads\/2015\/01\/pare-510x285.jpg 510w, https:\/\/2horizontes.com\/wp-content\/uploads\/2015\/01\/pare-360x200.jpg 360w, https:\/\/2horizontes.com\/wp-content\/uploads\/2015\/01\/pare.jpg 600w\" sizes=\"auto, (max-width: 300px) 100vw, 300px\" \/><\/a><\/p>\n<p>M\u00e9xico, 5 ene (EFE).- Una periodista mexicana y su esposo fueron asesinados en Nayarit por una banda de secuestradores, inform\u00f3 hoy a Efe una fuente de la Procuradur\u00eda (Fiscal\u00eda) General de Justicia del Estado de esa regi\u00f3n del oeste de M\u00e9xico, seg\u00fan la cual dos de los cinco miembros del grupo criminal ya fueron detenidos.<\/p>\n<p>La mujer asesinada se llamaba Jazm\u00edn Mart\u00ednez, ten\u00eda 26 a\u00f1os y hab\u00eda ejercido de reportera del \u00e1rea cultural y de espect\u00e1culos de la cadena televisa en Nayarit, aunque ya no trabajaba all\u00ed, mientras que su marido, con el que hab\u00eda contra\u00eddo nupcias en 2012, se llamaba Alejandro Ram\u00edrez Topete y ten\u00eda 30 a\u00f1os.<\/p>\n<p>\u201cIban en el mismo veh\u00edculo cuando fueron privados de su libertad el d\u00eda 31 de diciembre por la noche\u201d, concretamente en \u201cla autopista Tepic-Guadalajara, cerca de un crucero que se denomina Jala, a unos 70 kil\u00f3metros\u201d de la primera ciudad, que es la capital de Nayarit.<\/p>\n<p>Desde all\u00ed \u201cse los llevaron a un paraje de campo que est\u00e1 cercano al puente de el Nayar, a unos 10 o 15 kil\u00f3metros de distancia\u201d, y los tuvieron escondidos mientras \u201cse comunicaban con sus familiares para pedir un rescate de dos millones de pesos\u201d.<\/p>\n<p>Al parecer el asesinato de los secuestrados, que murieron a golpes en la cabeza con una piedra, se debi\u00f3 a \u201cuna falta de coordinaci\u00f3n\u201d entre los secuestradores.<\/p>\n<p>\u201cLos que los ten\u00edan en cautiverio optaron por darles muerte sin saber si avanzaba la negociaci\u00f3n\u201d, narr\u00f3 la fuente, al revelar que el s\u00e1bado fueron encontrados los cuerpos.<\/p>\n<p>Consultada por Efe sobre la relaci\u00f3n entre el crimen y el oficio de la v\u00edctima, la fuente de la fiscal\u00eda indic\u00f3 que \u201cfue algo fortuito, es algo ajeno a la actividad period\u00edstica\u201d, pues Mart\u00ednez \u201cactualmente estaba aportando su conocimiento a una comunidad de \u2018boy scouts&#8217;\u201d.<\/p>\n<p>De los cinco involucrados en el crimen fueron detenidos Ram\u00f3n Cruz Aguilar, alias la Momia, identificado como el que asesin\u00f3 a la mujer, y Luis Alberto Espinosa, alias la M\u00f3nica, que vigilaba el lugar, ambos de 18 a\u00f1os.<\/p>\n<p>\u201cLos otros tres est\u00e1n plenamente identificados pero se encuentran pr\u00f3fugos\u201d, a\u00f1adi\u00f3.<\/p>\n<p>Dos de ellos son apodados el Piolas y el Mill\u00f3n, y este \u00faltimo ha sido se\u00f1alado como presunto l\u00edder de la banda.<\/p>\n<p>El pasado fin de semana, la Procuradur\u00eda General de Justicia del Estado de Veracruz, en el este mexicano, inform\u00f3 de que investiga la desaparici\u00f3n de Mois\u00e9s S\u00e1nchez Cerezo, de quien medios locales afirman que es colaborador de varios peri\u00f3dicos.<\/p>\n<p>Son los dos primeros casos de ataques a la prensa este a\u00f1o en M\u00e9xico, considerado uno de los pa\u00edses m\u00e1s peligrosos para ejercer la labor period\u00edstica en Latinoam\u00e9rica. EFE<\/p>\n","protected":false},"excerpt":{"rendered":"<p>M\u00e9xico, 5 ene (EFE).- Una periodista mexicana y su esposo fueron asesinados en Nayarit por una banda de secuestradores, inform\u00f3 hoy a Efe una fuente de la Procuradur\u00eda (Fiscal\u00eda) General de Justicia del Estado de esa regi\u00f3n del oeste de M\u00e9xico, seg\u00fan la cual dos de los cinco miembros del grupo criminal ya fueron detenidos. [&hellip;]<\/p>\n","protected":false},"author":1,"featured_media":0,"comment_status":"open","ping_status":"open","sticky":false,"template":"","format":"standard","meta":{"footnotes":""},"categories":[1],"tags":[],"class_list":["post-2943","post","type-post","status-publish","format-standard","hentry","category-entretenimiento"],"_links":{"self":[{"href":"https:\/\/2horizontes.com\/index.php?rest_route=\/wp\/v2\/posts\/2943","targetHints":{"allow":["GET"]}}],"collection":[{"href":"https:\/\/2horizontes.com\/index.php?rest_route=\/wp\/v2\/posts"}],"about":[{"href":"https:\/\/2horizontes.com\/index.php?rest_route=\/wp\/v2\/types\/post"}],"author":[{"embeddable":true,"href":"https:\/\/2horizontes.com\/index.php?rest_route=\/wp\/v2\/users\/1"}],"replies":[{"embeddable":true,"href":"https:\/\/2horizontes.com\/index.php?rest_route=%2Fwp%2Fv2%2Fcomments&post=2943"}],"version-history":[{"count":1,"href":"https:\/\/2horizontes.com\/index.php?rest_route=\/wp\/v2\/posts\/2943\/revisions"}],"predecessor-version":[{"id":2945,"href":"https:\/\/2horizontes.com\/index.php?rest_route=\/wp\/v2\/posts\/2943\/revisions\/2945"}],"wp:attachment":[{"href":"https:\/\/2horizontes.com\/index.php?rest_route=%2Fwp%2Fv2%2Fmedia&parent=2943"}],"wp:term":[{"taxonomy":"category","embeddable":true,"href":"https:\/\/2horizontes.com\/index.php?rest_route=%2Fwp%2Fv2%2Fcategories&post=2943"},{"taxonomy":"post_tag","embeddable":true,"href":"https:\/\/2horizontes.com\/index.php?rest_route=%2Fwp%2Fv2%2Ftags&post=2943"}],"curies":[{"name":"wp","href":"https:\/\/api.w.org\/{rel}","templated":true}]}}