{"id":29425,"date":"2015-10-22T12:52:14","date_gmt":"2015-10-22T11:52:14","guid":{"rendered":"http:\/\/2horizontes.com\/?p=29425"},"modified":"2015-10-22T12:52:14","modified_gmt":"2015-10-22T11:52:14","slug":"el-vaticano-niega-que-el-papa-tenga-un-tumor-en-el-cerebro","status":"publish","type":"post","link":"https:\/\/2horizontes.com\/?p=29425","title":{"rendered":"El Vaticano niega que el Papa tenga un tumor en el cerebro"},"content":{"rendered":"<p>AFP \/Ciudad del Vaticano<\/p>\n<p>&nbsp;<\/p>\n<p>El Vaticano neg\u00f3 ayer tajantemente que el Papa tenga un peque\u00f1o \u00abtumor benigno\u201d en el cerebro que, seg\u00fan un peri\u00f3dico italiano, le descubrieron hace unos meses.<\/p>\n<p>&nbsp;<\/p>\n<p>\u00abLa difusi\u00f3n de noticias infundadas es gravemente irresponsable y no es digna de atenci\u00f3n\u201d, dijo el portavoz del Vaticano, el padre Federico Lombardi.<\/p>\n<p>&nbsp;<\/p>\n<p>Ante un centenar de periodistas, Lombardi volvi\u00f3 a desmentir\u00a0 la noticia de que el Papa est\u00e1 enfermo y precis\u00f3 que\u00a0 \u00abverific\u00f3\u201d la informaci\u00f3n con el directo interesado. \u00abHe hecho las verificaciones oportunas, inclusive con el Santo Padre, quien goza de buena salud\u201d, asegur\u00f3 Lombardi.<\/p>\n<p>&nbsp;<\/p>\n<p>Seg\u00fan el Quotidiano Nazionale (QN), \u00abuna peque\u00f1a sombra\u201d fue detectada en un examen m\u00e9dico del Papa, efectuado hace siete meses por un especialistas japon\u00e9s, el profesor Takanori Fukushima, en la cl\u00ednica San Rossore di Barbaricina, cerca de Pisa (Toscana). El profesor habr\u00eda considerado in\u00fatil hacer una operaci\u00f3n, considerando que el tumor era benigno, seg\u00fan QN.<\/p>\n<p>&nbsp;<\/p>\n<p>\u00abUsted no necesita ning\u00fan tipo de intervenci\u00f3n porque el peque\u00f1o tumor se puede curar\u201d, le dijo el especialista, seg\u00fan un miembro de la cl\u00ednica que cita el peri\u00f3dico. Pese al desmentido del Vaticano, el director del diario Quotidiano Nazionale, Andrea Cangini, reafirm\u00f3 la veracidad de la informaci\u00f3n.<\/p>\n<p>\u00abEl desmentido era esperado y es comprensible. Hemos retenido esa informaci\u00f3n durante mucho tiempo para efectuar verificaciones. No tenemos ninguna duda de que sea cierta\u201d, dijo a las prensa Andrea\u00a0 Cangini.<\/p>\n<p>&nbsp;<\/p>\n<p>\u00abLo que se aplica a un jefe de Estado o de gobierno tambi\u00e9n se aplica a un papa\u201d, asegur\u00f3 el director del diario italiano.<\/p>\n<p>&nbsp;<\/p>\n<p>La divulgaci\u00f3n de la noticia en pleno S\u00ednodo, cuando m\u00e1s de 400 obispos y cardenales de todo el mundo han sido convocados por el Papa para debatir sobre los retos de la familia moderna en el Vaticano, suscit\u00f3 mucho revuelo y reacciones encontradas, ya que para algunos forma parte de una campa\u00f1a para debilitar la figura del Pont\u00edfice argentino, empe\u00f1ado en una serie de reformas.<\/p>\n<p>&nbsp;<\/p>\n<p>Francisco, un papa incansable<\/p>\n<p>&nbsp;<\/p>\n<p>El papa Francisco, de 78 a\u00f1os, desborda de actividad aunque por momentos muestra se\u00f1ales de fatiga y en contadas ocasiones ha anulado compromisos a \u00faltimo momento. \u00abComo todos vemos, el\u00a0\u00a0\u00a0 Papa contin\u00faa siempre sin interrupciones su intensa actividad en modo absolutamente normal\u201d, recalca la nota divulgada por Lombardi tras la publicaci\u00f3n de la noticia por los diarios regionales Il Quotidiano Nazionale y Il Resto del Carlino.\u00a0 Francisco, durante su viaje en junio de este a\u00f1o a Am\u00e9rica Latina, donde visit\u00f3 tres pa\u00edses en ocho d\u00edas y tom\u00f3 siete vuelos, nunca se vio cansado o enfermo, algo que sorprendi\u00f3 inclusive a los periodistas.<\/p>\n<p>&nbsp;<\/p>\n<p>Ecos de\u00a0 Roma<\/p>\n<p>&nbsp;<\/p>\n<p>Edad Francisco ha hecho varias referencias sobre su edad y reconoci\u00f3 que no tiene mucho tiempo de vida por delante, pero nunca ha mencionado que sufriera una enfermedad. En su juventud, Francisco sufri\u00f3 la ablaci\u00f3n de una parte del pulm\u00f3n derecho.<\/p>\n<p>&nbsp;<\/p>\n<p>Honor\u00a0 El Papa inst\u00f3 ayer a valorar la fidelidad a la promesa de amor entre el hombre y la mujer y devolverle su \u00abhonor social\u201d, durante su catequesis en la audiencia general celebrada como cada mi\u00e9rcoles en la Plaza de San Pedro.<\/p>\n<p>&nbsp;<\/p>\n<p>Cardenal Daniel Sturla, arzobispo de Montevideo, dijo ayer que la Iglesia \u00abno puede ser un club de perfectos\u201d, sino una \u00abcasa con puertas abiertas\u201d, al comentar las situaciones que examina el S\u00ednodo de obispos.<\/p>\n","protected":false},"excerpt":{"rendered":"<p>AFP \/Ciudad del Vaticano &nbsp; El Vaticano neg\u00f3 ayer tajantemente que el Papa tenga un peque\u00f1o \u00abtumor benigno\u201d en el cerebro que, seg\u00fan un peri\u00f3dico italiano, le descubrieron hace unos meses. &nbsp; \u00abLa difusi\u00f3n de noticias infundadas es gravemente irresponsable y no es digna de atenci\u00f3n\u201d, dijo el portavoz del Vaticano, el padre Federico Lombardi. [&hellip;]<\/p>\n","protected":false},"author":7,"featured_media":29426,"comment_status":"open","ping_status":"open","sticky":false,"template":"","format":"standard","meta":{"footnotes":""},"categories":[40],"tags":[],"class_list":["post-29425","post","type-post","status-publish","format-standard","has-post-thumbnail","hentry","category-internacionales"],"_links":{"self":[{"href":"https:\/\/2horizontes.com\/index.php?rest_route=\/wp\/v2\/posts\/29425","targetHints":{"allow":["GET"]}}],"collection":[{"href":"https:\/\/2horizontes.com\/index.php?rest_route=\/wp\/v2\/posts"}],"about":[{"href":"https:\/\/2horizontes.com\/index.php?rest_route=\/wp\/v2\/types\/post"}],"author":[{"embeddable":true,"href":"https:\/\/2horizontes.com\/index.php?rest_route=\/wp\/v2\/users\/7"}],"replies":[{"embeddable":true,"href":"https:\/\/2horizontes.com\/index.php?rest_route=%2Fwp%2Fv2%2Fcomments&post=29425"}],"version-history":[{"count":2,"href":"https:\/\/2horizontes.com\/index.php?rest_route=\/wp\/v2\/posts\/29425\/revisions"}],"predecessor-version":[{"id":29428,"href":"https:\/\/2horizontes.com\/index.php?rest_route=\/wp\/v2\/posts\/29425\/revisions\/29428"}],"wp:featuredmedia":[{"embeddable":true,"href":"https:\/\/2horizontes.com\/index.php?rest_route=\/wp\/v2\/media\/29426"}],"wp:attachment":[{"href":"https:\/\/2horizontes.com\/index.php?rest_route=%2Fwp%2Fv2%2Fmedia&parent=29425"}],"wp:term":[{"taxonomy":"category","embeddable":true,"href":"https:\/\/2horizontes.com\/index.php?rest_route=%2Fwp%2Fv2%2Fcategories&post=29425"},{"taxonomy":"post_tag","embeddable":true,"href":"https:\/\/2horizontes.com\/index.php?rest_route=%2Fwp%2Fv2%2Ftags&post=29425"}],"curies":[{"name":"wp","href":"https:\/\/api.w.org\/{rel}","templated":true}]}}