{"id":29411,"date":"2015-10-22T11:52:43","date_gmt":"2015-10-22T10:52:43","guid":{"rendered":"http:\/\/2horizontes.com\/?p=29411"},"modified":"2015-10-22T11:52:43","modified_gmt":"2015-10-22T10:52:43","slug":"biden-renuncia-a-competir-por-la-presidencia-de-ee-uu-en-2016-y-le-deja-via-libre-a-hillary","status":"publish","type":"post","link":"https:\/\/2horizontes.com\/?p=29411","title":{"rendered":"Biden renuncia a competir por la Presidencia de EE.UU. en 2016 y le deja v\u00eda libre a Hillary"},"content":{"rendered":"<div id=\"ArticleAuthorDiv\" class=\"article-body-author\"><b>EFE<\/b><\/div>\n<div id=\"ArticleSourceDiv\" class=\"article-body-author\"><b>Washington<\/b><\/div>\n<div id=\"ArticleBody\">\n<p>El vicepresidente de EE.UU., Joseph Biden, renunci\u00f3 ayer a competir por la Presidencia en las elecciones de 2016 debido a la falta de tiempo para organizar una \u00abcampa\u00f1a realista\u00bb, pero asegur\u00f3 que presionar\u00e1 para que el futuro candidato dem\u00f3crata defienda el legado de Barack Obama.<\/p>\n<p>El anuncio de Biden pone fin a meses de especulaciones sobre sus intenciones y allana el camino a la nominaci\u00f3n dem\u00f3crata para Hillary Clinton, favorita en las encuestas y respaldada por buena parte del aparato del partido.<\/p>\n<p>\u00abDesafortunadamente, creo que se nos ha acabado el tiempo, el tiempo necesario para montar una campa\u00f1a ganadora por la nominaci\u00f3n\u00bb, dijo el vicepresidente en una declaraci\u00f3n a la prensa desde la Rosaleda de la Casa Blanca, acompa\u00f1ado de Obama y de su esposa, Jill Biden.<\/p>\n<p>\u00abPero aunque no ser\u00e9 un candidato, no me quedar\u00e9 en silencio\u00bb, advirti\u00f3 el pol\u00edtico de 72 a\u00f1os, que ya compiti\u00f3 sin \u00e9xito por la Casa Blanca en 1988 y 2008.<\/p>\n<p>La renuncia de Biden a entrar en la palestra dem\u00f3crata puede decepcionar a una parte del partido, que est\u00e1 poco entusiasmada con Clinton y considera improbable una carrera exitosa de su principal rival, Bernie Sanders.<\/p>\n<p>A\u00fan sin haberse presentado, el vicepresidente acumula el apoyo del 16,8 % de los votantes dem\u00f3cratas, por detr\u00e1s del 25,7 % de Sanders y del 47,8 % de Clinton, seg\u00fan la media de encuestas que elabora la p\u00e1gina web Real Clear Politics.<\/p>\n<p>Biden lleva al menos dos a\u00f1os barajando una posible campa\u00f1a a la Presidencia, pero se lo ha tomado m\u00e1s en serio desde la muerte de su hijo Beau, que le pidi\u00f3 presentarse a la carrera dem\u00f3crata poco antes de fallecer por un tumor cerebral, el pasado mayo.<\/p>\n<p>El proceso de reflexi\u00f3n de Biden ha coincidido con el duelo de su familia, una dif\u00edcil disyuntiva que le ha llevado a alargar la decisi\u00f3n hasta determinar si estaba emocionalmente preparado.<\/p>\n<p>\u00abMientras mi familia y yo atraves\u00e1bamos el proceso de duelo, he dicho siempre que podr\u00eda ser que, cuando lo super\u00e1ramos, se cerrara la ventana para montar una campa\u00f1a realista a la Presidencia. Y he llegado a la conclusi\u00f3n de que se ha cerrado\u00bb, afirm\u00f3 Biden.<\/p>\n<p>El vicepresidente centr\u00f3 el resto de su discurso a describir sus ideas para el pa\u00eds, con un mensaje casi m\u00e1s propio de un aspirante a la Presidencia que de alguien que renuncia a presentarse.<\/p>\n<p>\u00abEste partido, este pa\u00eds, cometer\u00e1 un tr\u00e1gico error si nos alejamos del legado de Obama o intentamos deshacerlo\u00bb, advirti\u00f3.<\/p>\n<p>\u00abLos dem\u00f3cratas no solo deber\u00edan defender ese legado, sino que deber\u00edan protegerlo. Deber\u00edan integrarlo en su campa\u00f1a\u00bb, agreg\u00f3.<\/p>\n<p>Tambi\u00e9n alert\u00f3 de que el pa\u00eds \u00abno puede sostener los niveles actuales de desigualdad\u00bb econ\u00f3mica y necesita fortalecer la clase media, y que las \u00abcantidades ilimitadas\u00bb de dinero que fluyen hacia las campa\u00f1as pol\u00edticas \u00abamenazan\u00bb la democracia estadounidense.<\/p>\n<p>Abog\u00f3 adem\u00e1s por ampliar la educaci\u00f3n p\u00fablica, impulsar una reforma migratoria, defender los derechos de los homosexuales y \u00abatajar el racismo institucional\u00bb.<\/p>\n<p>Su batalla m\u00e1s \u00abpersonal\u00bb, una que en la que habr\u00eda insistido de llegar a la Presidencia, ser\u00eda la de encontrar una cura para el c\u00e1ncer, porque \u00abes posible\u00bb, asegur\u00f3.<\/p>\n<p>Adem\u00e1s, rechaz\u00f3 las divisiones pol\u00edticas \u00abpartidistas\u00bb y pidi\u00f3 a los dem\u00f3cratas no mirar a los republicanos \u00abcomo enemigos\u00bb, sino tratar de \u00abtrabajar juntos\u00bb, por \u00abel bien del pa\u00eds\u00bb.<\/p>\n<p>Los principales aspirantes dem\u00f3cratas a la Presidencia elogiaron a Biden despu\u00e9s de su anuncio, empezando por Clinton, que alab\u00f3 \u00absu devoci\u00f3n a la familia, su entereza en el duelo, su coraje y determinaci\u00f3n en la lucha por la clase media\u00bb.<\/p>\n<p>\u00abEstoy segura de que la Historia no ha escrito su \u00faltima p\u00e1gina sobre Joe Biden (&#8230;). Si conozco bien a Joe, siempre estar\u00e1 en primera l\u00ednea, siempre luchando por todos nosotros\u00bb, afirm\u00f3 la exsecretaria de Estado en un comunicado.<\/p>\n<p>Por su parte, Sanders agradeci\u00f3 al vicepresidente \u00absu vida entera dedicada al servicio p\u00fablico\u00bb y confi\u00f3 en seguir \u00abtrabajando con \u00e9l\u00bb para afrontar las \u00abenormes crisis\u00bb que afronta el pa\u00eds.<\/p>\n<p>Desde el Partido Republicano, el presidente del Comit\u00e9 Nacional (RNC), Reince Priebus, dijo que Biden habr\u00eda sido el candidato \u00abm\u00e1s formidable\u00bb posible, y que los dem\u00f3cratas tendr\u00e1n que conformarse ahora con la \u00abimpopular y plagada de esc\u00e1ndalos\u00bb Clinton.<\/p>\n<p>\u00abEsta decisi\u00f3n aumenta enormemente nuestras opciones de recuperar la Casa Blanca\u00bb, afirm\u00f3 el pol\u00edtico republicano en un comunicado.<\/p>\n<p>El anuncio de Biden tambi\u00e9n libra a Obama de una inc\u00f3moda decisi\u00f3n: la de dar su respaldo a la candidatura de su \u00abn\u00famero dos\u00bb o a la que fue su secretaria de Estado.<\/p>\n<\/div>\n","protected":false},"excerpt":{"rendered":"<p>EFE Washington El vicepresidente de EE.UU., Joseph Biden, renunci\u00f3 ayer a competir por la Presidencia en las elecciones de 2016 debido a la falta de tiempo para organizar una \u00abcampa\u00f1a realista\u00bb, pero asegur\u00f3 que presionar\u00e1 para que el futuro candidato dem\u00f3crata defienda el legado de Barack Obama. El anuncio de Biden pone fin a meses [&hellip;]<\/p>\n","protected":false},"author":7,"featured_media":29412,"comment_status":"open","ping_status":"open","sticky":false,"template":"","format":"standard","meta":{"footnotes":""},"categories":[40,43],"tags":[],"class_list":["post-29411","post","type-post","status-publish","format-standard","has-post-thumbnail","hentry","category-internacionales","category-politica"],"_links":{"self":[{"href":"https:\/\/2horizontes.com\/index.php?rest_route=\/wp\/v2\/posts\/29411","targetHints":{"allow":["GET"]}}],"collection":[{"href":"https:\/\/2horizontes.com\/index.php?rest_route=\/wp\/v2\/posts"}],"about":[{"href":"https:\/\/2horizontes.com\/index.php?rest_route=\/wp\/v2\/types\/post"}],"author":[{"embeddable":true,"href":"https:\/\/2horizontes.com\/index.php?rest_route=\/wp\/v2\/users\/7"}],"replies":[{"embeddable":true,"href":"https:\/\/2horizontes.com\/index.php?rest_route=%2Fwp%2Fv2%2Fcomments&post=29411"}],"version-history":[{"count":1,"href":"https:\/\/2horizontes.com\/index.php?rest_route=\/wp\/v2\/posts\/29411\/revisions"}],"predecessor-version":[{"id":29413,"href":"https:\/\/2horizontes.com\/index.php?rest_route=\/wp\/v2\/posts\/29411\/revisions\/29413"}],"wp:featuredmedia":[{"embeddable":true,"href":"https:\/\/2horizontes.com\/index.php?rest_route=\/wp\/v2\/media\/29412"}],"wp:attachment":[{"href":"https:\/\/2horizontes.com\/index.php?rest_route=%2Fwp%2Fv2%2Fmedia&parent=29411"}],"wp:term":[{"taxonomy":"category","embeddable":true,"href":"https:\/\/2horizontes.com\/index.php?rest_route=%2Fwp%2Fv2%2Fcategories&post=29411"},{"taxonomy":"post_tag","embeddable":true,"href":"https:\/\/2horizontes.com\/index.php?rest_route=%2Fwp%2Fv2%2Ftags&post=29411"}],"curies":[{"name":"wp","href":"https:\/\/api.w.org\/{rel}","templated":true}]}}