{"id":29388,"date":"2015-10-22T10:12:56","date_gmt":"2015-10-22T09:12:56","guid":{"rendered":"http:\/\/2horizontes.com\/?p=29388"},"modified":"2015-10-22T10:12:56","modified_gmt":"2015-10-22T09:12:56","slug":"el-ayuntamiento-estudia-crear-un-albergue-para-indigentes-en-la-plaza-mayor","status":"publish","type":"post","link":"https:\/\/2horizontes.com\/?p=29388","title":{"rendered":"El Ayuntamiento estudia crear un albergue para indigentes en la Plaza Mayor"},"content":{"rendered":"<p>La alcaldesa de Madrid, Manuela Carmena destinar\u00e1 un edificio junto a la Plaza Mayor para dar cobijo a todos los mendigos que duermen en sus soportales.<\/p>\n<p>Un mes antes de que comience la campa\u00f1a del fr\u00edo, el Ayuntamientos reservar\u00e1 pisos de la Empresa Municipal de la Vivienda y crear\u00e1 un centro con duchas, comedor y una sala de estar con butacas para 40 personas.<\/p>\n<p>Los vecinos de la zona protestan por crearlo en uno de los pulmones tur\u00edsticos de Madrid.<\/p>\n<p>El Ayuntamiento estudia crear un albergue junto a la Plaza Mayor para dar cobijo a los \u00absin techo\u00bb que duermen en los soportales de la emblem\u00e1tica plaza.<\/p>\n<p>Contar\u00e1 con 120 plazas. Adem\u00e1s se plantea la creaci\u00f3n de un nuevo centro con comedor y duchas.<\/p>\n<p>La noticia no ha gustado a comerciantes y vecinos de la zona que temen que se convierta en un polo de atracci\u00f3n para nuevos mendigos que se sumar\u00edan a los que ya duermen habitualmnte en los soportales de la plaza.<\/p>\n<p>Muchos consideran que no es el lugar m\u00e1s adecuado para ello y que su construcci\u00f3n perjudicar\u00eda la imagen de Madrid, por ser este un lugar muy visitado por los turistas que visitan nuestra ciudad. \u00abTiene que haber otros sitios donde se pueda construir ese albergue\u00bb.<\/p>\n","protected":false},"excerpt":{"rendered":"<p>La alcaldesa de Madrid, Manuela Carmena destinar\u00e1 un edificio junto a la Plaza Mayor para dar cobijo a todos los mendigos que duermen en sus soportales. Un mes antes de que comience la campa\u00f1a del fr\u00edo, el Ayuntamientos reservar\u00e1 pisos de la Empresa Municipal de la Vivienda y crear\u00e1 un centro con duchas, comedor y [&hellip;]<\/p>\n","protected":false},"author":3,"featured_media":29389,"comment_status":"open","ping_status":"open","sticky":false,"template":"","format":"standard","meta":{"footnotes":""},"categories":[85],"tags":[],"class_list":["post-29388","post","type-post","status-publish","format-standard","has-post-thumbnail","hentry","category-espana"],"_links":{"self":[{"href":"https:\/\/2horizontes.com\/index.php?rest_route=\/wp\/v2\/posts\/29388","targetHints":{"allow":["GET"]}}],"collection":[{"href":"https:\/\/2horizontes.com\/index.php?rest_route=\/wp\/v2\/posts"}],"about":[{"href":"https:\/\/2horizontes.com\/index.php?rest_route=\/wp\/v2\/types\/post"}],"author":[{"embeddable":true,"href":"https:\/\/2horizontes.com\/index.php?rest_route=\/wp\/v2\/users\/3"}],"replies":[{"embeddable":true,"href":"https:\/\/2horizontes.com\/index.php?rest_route=%2Fwp%2Fv2%2Fcomments&post=29388"}],"version-history":[{"count":1,"href":"https:\/\/2horizontes.com\/index.php?rest_route=\/wp\/v2\/posts\/29388\/revisions"}],"predecessor-version":[{"id":29390,"href":"https:\/\/2horizontes.com\/index.php?rest_route=\/wp\/v2\/posts\/29388\/revisions\/29390"}],"wp:featuredmedia":[{"embeddable":true,"href":"https:\/\/2horizontes.com\/index.php?rest_route=\/wp\/v2\/media\/29389"}],"wp:attachment":[{"href":"https:\/\/2horizontes.com\/index.php?rest_route=%2Fwp%2Fv2%2Fmedia&parent=29388"}],"wp:term":[{"taxonomy":"category","embeddable":true,"href":"https:\/\/2horizontes.com\/index.php?rest_route=%2Fwp%2Fv2%2Fcategories&post=29388"},{"taxonomy":"post_tag","embeddable":true,"href":"https:\/\/2horizontes.com\/index.php?rest_route=%2Fwp%2Fv2%2Ftags&post=29388"}],"curies":[{"name":"wp","href":"https:\/\/api.w.org\/{rel}","templated":true}]}}