{"id":29373,"date":"2015-10-22T09:54:29","date_gmt":"2015-10-22T08:54:29","guid":{"rendered":"http:\/\/2horizontes.com\/?p=29373"},"modified":"2015-10-22T09:54:29","modified_gmt":"2015-10-22T08:54:29","slug":"el-paro-se-reduce-en-298-200-personas-y-baja-de-los-cinco-millones","status":"publish","type":"post","link":"https:\/\/2horizontes.com\/?p=29373","title":{"rendered":"El paro se reduce en 298.200 personas y baja de los cinco millones"},"content":{"rendered":"<p>El paro baj\u00f3 en 298.200 personas en el tercer trimestre del a\u00f1o respecto al trimestre anterior, un 5,8% menos, registrando as\u00ed su mayor descenso desde que estall\u00f3 la crisis econ\u00f3mica, seg\u00fan datos de la Encuesta de Poblaci\u00f3n Activa (EPA) publicada este jueves por el Instituto Nacional de Estad\u00edstica (INE).<\/p>\n<p>Tras este recorte del desempleo, el n\u00famero total de parados alcanz\u00f3 la cifra de 4.850.800 personas, su nivel m\u00e1s bajo desde el segundo trimestre de 2011, en tanto que la tasa de paro se redujo 1,19 puntos, hasta situarse en el 21,18%, su menor nivel desde el segundo trimestre de 2011.<\/p>\n<p>En el \u00faltimo a\u00f1o, el paro se ha reducido un 10,6%, con 576.900 desempleados menos, su mayor descenso en la serie homog\u00e9nea de la EPA, que arranca en 2002. En t\u00e9rminos desestacionalizados, el desempleo baj\u00f3 en el tercer trimestre un 3,87% respecto al trimestre anterior.<\/p>\n<p>Entre julio y septiembre de este a\u00f1o se crearon 182.200 empleos (+1%), el mayor incremento de la ocupaci\u00f3n en un tercer trimestre desde el ejercicio 2006. En el \u00faltimo a\u00f1o, la ocupaci\u00f3n ha aumentado en 544.700 personas, su mayor repunte desde el tercer trimestre de 2007, situ\u00e1ndose la tasa interanual en el 3,11%, frente al 2,9% del trimestre anterior.<\/p>\n","protected":false},"excerpt":{"rendered":"<p>El paro baj\u00f3 en 298.200 personas en el tercer trimestre del a\u00f1o respecto al trimestre anterior, un 5,8% menos, registrando as\u00ed su mayor descenso desde que estall\u00f3 la crisis econ\u00f3mica, seg\u00fan datos de la Encuesta de Poblaci\u00f3n Activa (EPA) publicada este jueves por el Instituto Nacional de Estad\u00edstica (INE). Tras este recorte del desempleo, el [&hellip;]<\/p>\n","protected":false},"author":3,"featured_media":29374,"comment_status":"open","ping_status":"open","sticky":false,"template":"","format":"standard","meta":{"footnotes":""},"categories":[85],"tags":[],"class_list":["post-29373","post","type-post","status-publish","format-standard","has-post-thumbnail","hentry","category-espana"],"_links":{"self":[{"href":"https:\/\/2horizontes.com\/index.php?rest_route=\/wp\/v2\/posts\/29373","targetHints":{"allow":["GET"]}}],"collection":[{"href":"https:\/\/2horizontes.com\/index.php?rest_route=\/wp\/v2\/posts"}],"about":[{"href":"https:\/\/2horizontes.com\/index.php?rest_route=\/wp\/v2\/types\/post"}],"author":[{"embeddable":true,"href":"https:\/\/2horizontes.com\/index.php?rest_route=\/wp\/v2\/users\/3"}],"replies":[{"embeddable":true,"href":"https:\/\/2horizontes.com\/index.php?rest_route=%2Fwp%2Fv2%2Fcomments&post=29373"}],"version-history":[{"count":1,"href":"https:\/\/2horizontes.com\/index.php?rest_route=\/wp\/v2\/posts\/29373\/revisions"}],"predecessor-version":[{"id":29375,"href":"https:\/\/2horizontes.com\/index.php?rest_route=\/wp\/v2\/posts\/29373\/revisions\/29375"}],"wp:featuredmedia":[{"embeddable":true,"href":"https:\/\/2horizontes.com\/index.php?rest_route=\/wp\/v2\/media\/29374"}],"wp:attachment":[{"href":"https:\/\/2horizontes.com\/index.php?rest_route=%2Fwp%2Fv2%2Fmedia&parent=29373"}],"wp:term":[{"taxonomy":"category","embeddable":true,"href":"https:\/\/2horizontes.com\/index.php?rest_route=%2Fwp%2Fv2%2Fcategories&post=29373"},{"taxonomy":"post_tag","embeddable":true,"href":"https:\/\/2horizontes.com\/index.php?rest_route=%2Fwp%2Fv2%2Ftags&post=29373"}],"curies":[{"name":"wp","href":"https:\/\/api.w.org\/{rel}","templated":true}]}}