{"id":29232,"date":"2015-10-21T10:50:24","date_gmt":"2015-10-21T09:50:24","guid":{"rendered":"http:\/\/2horizontes.com\/?p=29232"},"modified":"2015-10-21T10:50:24","modified_gmt":"2015-10-21T09:50:24","slug":"ecuador-y-bolivia-acuerdan-cooperacion-para-control-migratorio","status":"publish","type":"post","link":"https:\/\/2horizontes.com\/?p=29232","title":{"rendered":"Ecuador y Bolivia acuerdan cooperaci\u00f3n para control migratorio"},"content":{"rendered":"<p>QUITO. &#8212; Los ministros del Interior de Ecuador, Jos\u00e9 Serrano, y de Bolivia, Carlos Romero, firmaron hoy en Quito un convenio de cooperaci\u00f3n bilateral para el control migratorio y lucha contra el narcotr\u00e1fico.<\/p>\n<p>El convenio, que tendr\u00e1 una duraci\u00f3n de cinco a\u00f1os, fue acordado en el marco de la Semana de la Seguridad que se realiza en la capital ecuatoriana y que congrega a delegados de 21 pa\u00edses de Am\u00e9rica y Europa.<\/p>\n<p>El entendimiento incluye la planificaci\u00f3n estrat\u00e9gica conjunta y operativa de la gesti\u00f3n policial, intercambio de experiencias y asesor\u00edas en pr\u00e1cticas policiales, entre otros temas de seguridad.<\/p>\n<p>El ministro boliviano dijo a periodistas que Ecuador y Bolivia enfrentan el desaf\u00edo de trabajar en pol\u00edticas de regionalizaci\u00f3n para enfrentar principalmente el crimen organizado transnacional.<\/p>\n<p>Mencion\u00f3 que Bolivia registra avances en materia migratoria, pero por su ubicaci\u00f3n geogr\u00e1fica tiene amplias fronteras donde se hace necesario fortalecer el control.<\/p>\n<p>\u00abTenemos m\u00e1s de 7.000 kil\u00f3metros de frontera y eso nos plantea permanentemente desaf\u00edos en torno al control migratorio, porque la ubicaci\u00f3n geogr\u00e1fica tambi\u00e9n nos expone a la vulnerabilidad de una serie de delitos transnacionales que son t\u00edpicos del \u00faltimo tiempo\u00bb, expuso el ministro.<\/p>\n<p>En ese sentido, indic\u00f3 que las \u00abexperiencias compartidas nos van a permitir alcanzar mayores niveles de eficacia y en esa tarea estamos\u00bb.<\/p>\n<p>Agreg\u00f3 que en la lucha contra el narcotr\u00e1fico, su pa\u00eds ha reducido los cultivos de coca, lo que ha sido reconocido por la Organizaci\u00f3n de las Naciones Unidas (ONU).<\/p>\n<p>Bolivia cerr\u00f3 2014 con 20.400 hect\u00e1reas de coca, que equivalen al 15 por ciento del total de la producci\u00f3n en la regi\u00f3n andina de esa planta, materia prima de la coca\u00edna, seg\u00fan la ONU.<\/p>\n<p>\u00abHemos tenido tasas de reducci\u00f3n netas espectaculares, sin muertos, sin persecuci\u00f3n, sin violencia y fundamentalmente con mucho involucramiento comunitario\u00bb, destac\u00f3 el ministro.<\/p>\n<p>Por su parte, el ministro ecuatoriano del Interior, Jos\u00e9 Serrano, destac\u00f3 que con Bolivia se viene trabajando en la elaboraci\u00f3n de un sistema tecnol\u00f3gico para el control migratorio.<\/p>\n<p>\u00abHemos tenido una muy alta cooperaci\u00f3n del estado boliviano pero sobre todo, y espec\u00edficamente del ministerio del interior en cuanto al desarrollo del nuevo sistema migratorio ecuatoriano\u00bb, indic\u00f3 Serrano.<\/p>\n<p>El funcionario destac\u00f3 que Bolivia, con el apoyo de algunos pa\u00edses, logr\u00f3 hace algunos a\u00f1os consolidar un sistema tecnol\u00f3gico para el control migratorio en zonas de frontera, puertos y aeropuertos, por lo que se espera lanzar un sistema similar en Ecuador en noviembre pr\u00f3ximo.<\/p>\n<p>Adem\u00e1s, subray\u00f3 que ambos ministerios comparten experiencias en cuanto al combate al microtr\u00e1fico de drogas (venta al menudeo).<\/p>\n<p>&nbsp;<\/p>\n<p>F.\u00a0(Xinhua).<\/p>\n","protected":false},"excerpt":{"rendered":"<p>QUITO. &#8212; Los ministros del Interior de Ecuador, Jos\u00e9 Serrano, y de Bolivia, Carlos Romero, firmaron hoy en Quito un convenio de cooperaci\u00f3n bilateral para el control migratorio y lucha contra el narcotr\u00e1fico. El convenio, que tendr\u00e1 una duraci\u00f3n de cinco a\u00f1os, fue acordado en el marco de la Semana de la Seguridad que se [&hellip;]<\/p>\n","protected":false},"author":7,"featured_media":29233,"comment_status":"open","ping_status":"open","sticky":false,"template":"","format":"standard","meta":{"footnotes":""},"categories":[54,40,43],"tags":[],"class_list":["post-29232","post","type-post","status-publish","format-standard","has-post-thumbnail","hentry","category-emigrantes","category-internacionales","category-politica"],"_links":{"self":[{"href":"https:\/\/2horizontes.com\/index.php?rest_route=\/wp\/v2\/posts\/29232","targetHints":{"allow":["GET"]}}],"collection":[{"href":"https:\/\/2horizontes.com\/index.php?rest_route=\/wp\/v2\/posts"}],"about":[{"href":"https:\/\/2horizontes.com\/index.php?rest_route=\/wp\/v2\/types\/post"}],"author":[{"embeddable":true,"href":"https:\/\/2horizontes.com\/index.php?rest_route=\/wp\/v2\/users\/7"}],"replies":[{"embeddable":true,"href":"https:\/\/2horizontes.com\/index.php?rest_route=%2Fwp%2Fv2%2Fcomments&post=29232"}],"version-history":[{"count":1,"href":"https:\/\/2horizontes.com\/index.php?rest_route=\/wp\/v2\/posts\/29232\/revisions"}],"predecessor-version":[{"id":29234,"href":"https:\/\/2horizontes.com\/index.php?rest_route=\/wp\/v2\/posts\/29232\/revisions\/29234"}],"wp:featuredmedia":[{"embeddable":true,"href":"https:\/\/2horizontes.com\/index.php?rest_route=\/wp\/v2\/media\/29233"}],"wp:attachment":[{"href":"https:\/\/2horizontes.com\/index.php?rest_route=%2Fwp%2Fv2%2Fmedia&parent=29232"}],"wp:term":[{"taxonomy":"category","embeddable":true,"href":"https:\/\/2horizontes.com\/index.php?rest_route=%2Fwp%2Fv2%2Fcategories&post=29232"},{"taxonomy":"post_tag","embeddable":true,"href":"https:\/\/2horizontes.com\/index.php?rest_route=%2Fwp%2Fv2%2Ftags&post=29232"}],"curies":[{"name":"wp","href":"https:\/\/api.w.org\/{rel}","templated":true}]}}