{"id":29213,"date":"2015-10-21T07:57:43","date_gmt":"2015-10-21T06:57:43","guid":{"rendered":"http:\/\/2horizontes.com\/?p=29213"},"modified":"2015-10-21T07:57:43","modified_gmt":"2015-10-21T06:57:43","slug":"las-farc-acusan-a-procurador-colombiano-de-persecucion-politica-contra-senador","status":"publish","type":"post","link":"https:\/\/2horizontes.com\/?p=29213","title":{"rendered":"Las FARC acusan a procurador colombiano de persecuci\u00f3n pol\u00edtica contra senador"},"content":{"rendered":"<p>La delegaci\u00f3n de paz de las FARC acus\u00f3 hoy al procurador general de Colombia, Alejandro Ord\u00f3\u00f1ez, de persecuci\u00f3n pol\u00edtica por formular cargos contra el senador de izquierdas Iv\u00e1n Cepeda por presuntamente comprar testigos para un debate de control pol\u00edtico en el Senado.<\/p>\n<p>Salta a la vista que pretender silenciar a uno de los principales voceros de la oposici\u00f3n, por el solo hecho de estar ejerciendo sus funciones p\u00fablicas, es un claro acto de persecuci\u00f3n pol\u00edtica que causa grave da\u00f1o a la democracia\u00bb, afirman los negociadores de las Fuerzas Armadas Revolucionarias de Colombia (FARC) en un comunicado divulgado en La Habana.<\/p>\n<p>Cepeda, senador por el Polo Democr\u00e1tico Alternativo (PDA), fue el promotor del debate en septiembre de 2014 en el que acus\u00f3 al expresidente y actualmente senador \u00c1lvaro Uribe de supuestos v\u00ednculos con paramilitares y narcotraficantes cuando fue gobernador de Antioquia (noroeste), entre 1995 y 1997, y durante su etapa como director de la Aeron\u00e1utica Civil, entre 1981 y 1982.<\/p>\n<p>Los portavoces de la guerrilla critican el \u00ababuso de poder encarnado\u00bb en el procurador Ord\u00f3\u00f1ez y su \u00abextralimitaci\u00f3n en el ejercicio de la funci\u00f3n p\u00fablica, demuestra todo el arsenal de venganza\u00bb, contra la oposici\u00f3n pol\u00edtica y tambi\u00e9n quienes \u00abno comparten su ideolog\u00eda anclada en el pasado\u00bb.<\/p>\n<p>Adem\u00e1s consideran que \u00abesta situaci\u00f3n no es nueva\u00bb y citan como ejemplo las sanciones contra la senadora Piedad C\u00f3rdoba y el alcalde de Bogot\u00e1, Gustavo Petro, y afirman que han sido \u00abperseguidos y castigados sin tener en cuenta m\u00ednimas garant\u00edas procesales\u00bb.<\/p>\n","protected":false},"excerpt":{"rendered":"<p>La delegaci\u00f3n de paz de las FARC acus\u00f3 hoy al procurador general de Colombia, Alejandro Ord\u00f3\u00f1ez, de persecuci\u00f3n pol\u00edtica por formular cargos contra el senador de izquierdas Iv\u00e1n Cepeda por presuntamente comprar testigos para un debate de control pol\u00edtico en el Senado. Salta a la vista que pretender silenciar a uno de los principales voceros [&hellip;]<\/p>\n","protected":false},"author":3,"featured_media":29214,"comment_status":"open","ping_status":"open","sticky":false,"template":"","format":"standard","meta":{"footnotes":""},"categories":[43],"tags":[],"class_list":["post-29213","post","type-post","status-publish","format-standard","has-post-thumbnail","hentry","category-politica"],"_links":{"self":[{"href":"https:\/\/2horizontes.com\/index.php?rest_route=\/wp\/v2\/posts\/29213","targetHints":{"allow":["GET"]}}],"collection":[{"href":"https:\/\/2horizontes.com\/index.php?rest_route=\/wp\/v2\/posts"}],"about":[{"href":"https:\/\/2horizontes.com\/index.php?rest_route=\/wp\/v2\/types\/post"}],"author":[{"embeddable":true,"href":"https:\/\/2horizontes.com\/index.php?rest_route=\/wp\/v2\/users\/3"}],"replies":[{"embeddable":true,"href":"https:\/\/2horizontes.com\/index.php?rest_route=%2Fwp%2Fv2%2Fcomments&post=29213"}],"version-history":[{"count":1,"href":"https:\/\/2horizontes.com\/index.php?rest_route=\/wp\/v2\/posts\/29213\/revisions"}],"predecessor-version":[{"id":29215,"href":"https:\/\/2horizontes.com\/index.php?rest_route=\/wp\/v2\/posts\/29213\/revisions\/29215"}],"wp:featuredmedia":[{"embeddable":true,"href":"https:\/\/2horizontes.com\/index.php?rest_route=\/wp\/v2\/media\/29214"}],"wp:attachment":[{"href":"https:\/\/2horizontes.com\/index.php?rest_route=%2Fwp%2Fv2%2Fmedia&parent=29213"}],"wp:term":[{"taxonomy":"category","embeddable":true,"href":"https:\/\/2horizontes.com\/index.php?rest_route=%2Fwp%2Fv2%2Fcategories&post=29213"},{"taxonomy":"post_tag","embeddable":true,"href":"https:\/\/2horizontes.com\/index.php?rest_route=%2Fwp%2Fv2%2Ftags&post=29213"}],"curies":[{"name":"wp","href":"https:\/\/api.w.org\/{rel}","templated":true}]}}